{"id":1243,"date":"2025-03-09T22:59:40","date_gmt":"2025-03-09T20:59:40","guid":{"rendered":"https:\/\/www.cyclophoto.com\/?p=1243"},"modified":"2025-03-17T13:58:27","modified_gmt":"2025-03-17T11:58:27","slug":"strade-bianche-2025","status":"publish","type":"post","link":"https:\/\/www.cyclophoto.com\/it\/2025\/03\/09\/strade-bianche-2025\/","title":{"rendered":"Strade Bianche 2025"},"content":{"rendered":"<div data-elementor-type=\"wp-post\" data-elementor-id=\"1243\" class=\"elementor elementor-1243\" data-elementor-post-type=\"post\">\n\t\t\t\t<div class=\"elementor-element elementor-element-1b9edf1 e-flex e-con-boxed e-con e-parent\" data-id=\"1b9edf1\" data-element_type=\"container\" data-e-type=\"container\">\n\t\t\t\t\t<div class=\"e-con-inner\">\n\t\t\t\t<div class=\"elementor-element elementor-element-4b01064 elementor-widget elementor-widget-image\" data-id=\"4b01064\" data-element_type=\"widget\" data-e-type=\"widget\" data-widget_type=\"image.default\">\n\t\t\t\t<div class=\"elementor-widget-container\">\n\t\t\t\t\t\t\t\t\t\t\t\t\t\t\t<img fetchpriority=\"high\" decoding=\"async\" width=\"224\" height=\"224\" src=\"https:\/\/i0.wp.com\/www.cyclophoto.com\/wp-content\/uploads\/2025\/03\/Strade.jpg?fit=224%2C224&amp;ssl=1\" class=\"attachment-large size-large wp-image-1245\" alt=\"\" srcset=\"https:\/\/i0.wp.com\/www.cyclophoto.com\/wp-content\/uploads\/2025\/03\/Strade.jpg?w=224&amp;ssl=1 224w, https:\/\/i0.wp.com\/www.cyclophoto.com\/wp-content\/uploads\/2025\/03\/Strade.jpg?resize=150%2C150&amp;ssl=1 150w, https:\/\/i0.wp.com\/www.cyclophoto.com\/wp-content\/uploads\/2025\/03\/Strade.jpg?resize=12%2C12&amp;ssl=1 12w\" sizes=\"(max-width: 224px) 100vw, 224px\" \/>\t\t\t\t\t\t\t\t\t\t\t\t\t\t\t<\/div>\n\t\t\t\t<\/div>\n\t\t\t\t<div class=\"elementor-element elementor-element-23358c5 elementor-widget elementor-widget-text-editor\" data-id=\"23358c5\" data-element_type=\"widget\" data-e-type=\"widget\" data-widget_type=\"text-editor.default\">\n\t\t\t\t<div class=\"elementor-widget-container\">\n\t\t\t\t\t\t\t\t\t<p style=\"text-align: center;\"><span style=\"text-decoration: underline;\"><strong>La magia delle Strade Bianche 2025: un fotografo di ciclismo all'opera<\/strong><\/span><\/p><p>La Strade Bianche \u00e8 pi\u00f9 di una semplice gara ciclistica: \u00e8 uno spettacolo di passione, sfida e paesaggi mozzafiato.\u00a0<\/p><p>Le strade di ghiaia bianca, le iconiche colline toscane e l'intensa battaglia tra i corridori hanno reso questo evento una vera e propria festa visiva.<\/p><h3>La bellezza delle Strade Bianche<\/h3><p>Le Strade Bianche sono note per la loro unicit\u00e0. Le strade bianche e polverose contrastano meravigliosamente con il verde paesaggio toscano. Per un fotografo, questo offre un'opportunit\u00e0 impareggiabile di catturare immagini drammatiche e d'atmosfera. I corridori, ammantati di polvere e sudore, lottano non solo l'uno contro l'altro, ma anche contro il percorso stesso. Ne derivano momenti emozionanti e potenti, perfetti per essere raccontati attraverso l'obiettivo.<\/p><h3>Le sfide della fotografia<\/h3><p>Fotografare durante le Strade Bianche \u00e8 un privilegio e una sfida. Le nuvole di polvere possono limitare la visibilit\u00e0 e la velocit\u00e0 dei corridori richiede precisione e tempismo. Ma sono proprio questi elementi a rendere le fotografie cos\u00ec speciali. Catturare un corridore che lotta attraverso una nuvola di polvere o l'espressione di pura determinazione sul suo volto sono momenti che catturano l'essenza di questa corsa.<\/p><h3>Momenti iconici del 2025<\/h3><p>L'edizione 2025 ha regalato alcuni momenti indimenticabili. Basti pensare all'attacco in solitaria sull'ultima salita, dove il vincitore si \u00e8 staccato da un gruppo ristretto e ha tagliato trionfalmente il traguardo di Siena. O alle reazioni emotive dei corridori dopo il traguardo, dove si sono alternate gioia e delusione. Questi momenti raccontano la storia delle Strade Bianche: una storia di perseveranza, lotta e vittoria.<\/p><h3>Consigli per gli appassionati di ciclismo e i fotografi<\/h3><p>Per coloro che vogliono vivere o fotografare le Strade Bianche in prima persona, ecco alcuni consigli:<\/p><ol start=\"1\"><li><p><strong>Scegliere luoghi strategici<\/strong>Le colline e i tratti di ghiaia offrono le immagini pi\u00f9 drammatiche.<\/p><\/li><li><p><strong>Preparatevi alla polvere e al movimento<\/strong>Utilizzare un tempo di posa rapido e proteggere l'attrezzatura dalla polvere.<\/p><\/li><li><p><strong>Catturare le emozioni<\/strong>La Strade Bianche non riguarda solo la gara, ma anche le storie dei corridori.<\/p><\/li><\/ol><h3>Perch\u00e9 la Strade Bianche \u00e8 unica<\/h3><p>La Strade Bianche \u00e8 una delle gare pi\u00f9 fotogeniche del calendario ciclistico. Unisce sport, natura e cultura in un modo che pochi altri eventi possono eguagliare. Come fotografo, ho avuto il privilegio di catturare questa magia e di condividerla con gli appassionati di ciclismo di tutto il mondo.<\/p><h3>Conclusione<\/h3><p>La Strade Bianche 2025 \u00e8 stato un altro evento indimenticabile. Che siate appassionati di ciclismo, fotografi o semplicemente amanti delle grandi storie, questa gara ha qualcosa di speciale per tutti. Non vedo l'ora che arrivi l'edizione 2026, dove nuove storie aspettano di essere catturate.<\/p><p><strong>Siete curiosi di scoprire altre storie e foto di ciclismo? Restate sintonizzati sul mio blog e sui social media!<\/strong><\/p>\t\t\t\t\t\t\t\t<\/div>\n\t\t\t\t<\/div>\n\t\t\t\t\t<\/div>\n\t\t\t\t<\/div>\n\t\t<div class=\"elementor-element elementor-element-eae39dd e-flex e-con-boxed e-con e-parent\" data-id=\"eae39dd\" data-element_type=\"container\" data-e-type=\"container\">\n\t\t\t\t\t<div class=\"e-con-inner\">\n\t\t\t\t<div class=\"elementor-element elementor-element-a43d717 elementor-widget elementor-widget-image\" data-id=\"a43d717\" data-element_type=\"widget\" data-e-type=\"widget\" data-widget_type=\"image.default\">\n\t\t\t\t<div class=\"elementor-widget-container\">\n\t\t\t\t\t\t\t\t\t\t\t\t\t\t\t<img decoding=\"async\" width=\"1024\" height=\"682\" src=\"https:\/\/i0.wp.com\/www.cyclophoto.com\/wp-content\/uploads\/2025\/03\/0sWO9sTkF7wcC8TqI13U_030325-041935.jpg?fit=1024%2C682&amp;ssl=1\" class=\"attachment-large size-large wp-image-1246\" alt=\"\" srcset=\"https:\/\/i0.wp.com\/www.cyclophoto.com\/wp-content\/uploads\/2025\/03\/0sWO9sTkF7wcC8TqI13U_030325-041935.jpg?w=1280&amp;ssl=1 1280w, https:\/\/i0.wp.com\/www.cyclophoto.com\/wp-content\/uploads\/2025\/03\/0sWO9sTkF7wcC8TqI13U_030325-041935.jpg?resize=300%2C200&amp;ssl=1 300w, https:\/\/i0.wp.com\/www.cyclophoto.com\/wp-content\/uploads\/2025\/03\/0sWO9sTkF7wcC8TqI13U_030325-041935.jpg?resize=1024%2C682&amp;ssl=1 1024w, https:\/\/i0.wp.com\/www.cyclophoto.com\/wp-content\/uploads\/2025\/03\/0sWO9sTkF7wcC8TqI13U_030325-041935.jpg?resize=768%2C512&amp;ssl=1 768w, https:\/\/i0.wp.com\/www.cyclophoto.com\/wp-content\/uploads\/2025\/03\/0sWO9sTkF7wcC8TqI13U_030325-041935.jpg?resize=18%2C12&amp;ssl=1 18w, https:\/\/i0.wp.com\/www.cyclophoto.com\/wp-content\/uploads\/2025\/03\/0sWO9sTkF7wcC8TqI13U_030325-041935.jpg?resize=1200%2C800&amp;ssl=1 1200w\" sizes=\"(max-width: 1024px) 100vw, 1024px\" \/>\t\t\t\t\t\t\t\t\t\t\t\t\t\t\t<\/div>\n\t\t\t\t<\/div>\n\t\t\t\t\t<\/div>\n\t\t\t\t<\/div>\n\t\t\t\t<\/div>","protected":false},"excerpt":{"rendered":"<p>La magia delle Strade Bianche 2025: un fotografo di ciclismo al lavoro Le Strade Bianche<\/p>\n<div class=\"read-more\"><a href=\"https:\/\/www.cyclophoto.com\/it\/2025\/03\/09\/strade-bianche-2025\/\" class=\"more-link\">Per saperne di pi\u00f9<\/a><\/div>","protected":false},"author":1,"featured_media":1245,"comment_status":"open","ping_status":"open","sticky":false,"template":"","format":"standard","meta":{"codedeyo_gutenberg_meta":"","_jetpack_memberships_contains_paid_content":false,"footnotes":""},"categories":[10],"tags":[],"class_list":["post-1243","post","type-post","status-publish","format-standard","has-post-thumbnail","hentry","category-blog","entry"],"yoast_head":"<!-- This site is optimized with the Yoast SEO Premium plugin v24.6 (Yoast SEO v27.4) - https:\/\/yoast.com\/product\/yoast-seo-premium-wordpress\/ -->\n<title>Strade Bianche 2025 - Cyclophoto, Professional Cycling Photography Services.<\/title>\n<meta name=\"description\" content=\"Herbekijk de Strade Bianche 2025, geschreven vanuit het oogpunt van een wielerfotograaf. Strade Bianche 2025\" \/>\n<meta name=\"robots\" content=\"index, follow, max-snippet:-1, max-image-preview:large, max-video-preview:-1\" \/>\n<link rel=\"canonical\" href=\"https:\/\/www.cyclophoto.com\/it\/2025\/03\/09\/strade-bianche-2025\/\" \/>\n<meta property=\"og:locale\" content=\"it_IT\" \/>\n<meta property=\"og:type\" content=\"article\" \/>\n<meta property=\"og:title\" content=\"Strade Bianche 2025\" \/>\n<meta property=\"og:description\" content=\"Herbekijk de Strade Bianche 2025, geschreven vanuit het oogpunt van een wielerfotograaf. Strade Bianche 2025\" \/>\n<meta property=\"og:url\" content=\"https:\/\/www.cyclophoto.com\/it\/2025\/03\/09\/strade-bianche-2025\/\" \/>\n<meta property=\"og:site_name\" content=\"Cyclophoto, Professional Cycling Photography Services.\" \/>\n<meta property=\"article:publisher\" content=\"https:\/\/www.facebook.com\/profile.php?id=61558810670981\" \/>\n<meta property=\"article:published_time\" content=\"2025-03-09T20:59:40+00:00\" \/>\n<meta property=\"article:modified_time\" content=\"2025-03-17T11:58:27+00:00\" \/>\n<meta property=\"og:image\" content=\"https:\/\/www.cyclophoto.com\/wp-content\/uploads\/2025\/03\/Strade.jpg\" \/>\n\t<meta property=\"og:image:width\" content=\"224\" \/>\n\t<meta property=\"og:image:height\" content=\"224\" \/>\n\t<meta property=\"og:image:type\" content=\"image\/jpeg\" \/>\n<meta name=\"author\" content=\"bart\" \/>\n<meta name=\"twitter:card\" content=\"summary_large_image\" \/>\n<meta name=\"twitter:creator\" content=\"@BartCoenaers\" \/>\n<meta name=\"twitter:site\" content=\"@BartCoenaers\" \/>\n<meta name=\"twitter:label1\" content=\"Scritto da\" \/>\n\t<meta name=\"twitter:data1\" content=\"bart\" \/>\n\t<meta name=\"twitter:label2\" content=\"Tempo di lettura stimato\" \/>\n\t<meta name=\"twitter:data2\" content=\"3 minuti\" \/>\n<script type=\"application\/ld+json\" class=\"yoast-schema-graph\">{\"@context\":\"https:\\\/\\\/schema.org\",\"@graph\":[{\"@type\":\"Article\",\"@id\":\"https:\\\/\\\/www.cyclophoto.com\\\/2025\\\/03\\\/09\\\/strade-bianche-2025\\\/#article\",\"isPartOf\":{\"@id\":\"https:\\\/\\\/www.cyclophoto.com\\\/2025\\\/03\\\/09\\\/strade-bianche-2025\\\/\"},\"author\":{\"name\":\"bart\",\"@id\":\"https:\\\/\\\/www.cyclophoto.com\\\/#\\\/schema\\\/person\\\/ebf32472f96fc8ced76192edc166e993\"},\"headline\":\"Strade Bianche 2025\",\"datePublished\":\"2025-03-09T20:59:40+00:00\",\"dateModified\":\"2025-03-17T11:58:27+00:00\",\"mainEntityOfPage\":{\"@id\":\"https:\\\/\\\/www.cyclophoto.com\\\/2025\\\/03\\\/09\\\/strade-bianche-2025\\\/\"},\"wordCount\":454,\"commentCount\":0,\"publisher\":{\"@id\":\"https:\\\/\\\/www.cyclophoto.com\\\/#organization\"},\"image\":{\"@id\":\"https:\\\/\\\/www.cyclophoto.com\\\/2025\\\/03\\\/09\\\/strade-bianche-2025\\\/#primaryimage\"},\"thumbnailUrl\":\"https:\\\/\\\/i0.wp.com\\\/www.cyclophoto.com\\\/wp-content\\\/uploads\\\/2025\\\/03\\\/Strade.jpg?fit=224%2C224&ssl=1\",\"articleSection\":[\"BLOG\"],\"inLanguage\":\"it-IT\",\"potentialAction\":[{\"@type\":\"CommentAction\",\"name\":\"Comment\",\"target\":[\"https:\\\/\\\/www.cyclophoto.com\\\/2025\\\/03\\\/09\\\/strade-bianche-2025\\\/#respond\"]}]},{\"@type\":\"WebPage\",\"@id\":\"https:\\\/\\\/www.cyclophoto.com\\\/2025\\\/03\\\/09\\\/strade-bianche-2025\\\/\",\"url\":\"https:\\\/\\\/www.cyclophoto.com\\\/2025\\\/03\\\/09\\\/strade-bianche-2025\\\/\",\"name\":\"Strade Bianche 2025 - Cyclophoto, Professional Cycling Photography Services.\",\"isPartOf\":{\"@id\":\"https:\\\/\\\/www.cyclophoto.com\\\/#website\"},\"primaryImageOfPage\":{\"@id\":\"https:\\\/\\\/www.cyclophoto.com\\\/2025\\\/03\\\/09\\\/strade-bianche-2025\\\/#primaryimage\"},\"image\":{\"@id\":\"https:\\\/\\\/www.cyclophoto.com\\\/2025\\\/03\\\/09\\\/strade-bianche-2025\\\/#primaryimage\"},\"thumbnailUrl\":\"https:\\\/\\\/i0.wp.com\\\/www.cyclophoto.com\\\/wp-content\\\/uploads\\\/2025\\\/03\\\/Strade.jpg?fit=224%2C224&ssl=1\",\"datePublished\":\"2025-03-09T20:59:40+00:00\",\"dateModified\":\"2025-03-17T11:58:27+00:00\",\"description\":\"Herbekijk de Strade Bianche 2025, geschreven vanuit het oogpunt van een wielerfotograaf. Strade Bianche 2025\",\"breadcrumb\":{\"@id\":\"https:\\\/\\\/www.cyclophoto.com\\\/2025\\\/03\\\/09\\\/strade-bianche-2025\\\/#breadcrumb\"},\"inLanguage\":\"it-IT\",\"potentialAction\":[{\"@type\":\"ReadAction\",\"target\":[\"https:\\\/\\\/www.cyclophoto.com\\\/2025\\\/03\\\/09\\\/strade-bianche-2025\\\/\"]}]},{\"@type\":\"ImageObject\",\"inLanguage\":\"it-IT\",\"@id\":\"https:\\\/\\\/www.cyclophoto.com\\\/2025\\\/03\\\/09\\\/strade-bianche-2025\\\/#primaryimage\",\"url\":\"https:\\\/\\\/i0.wp.com\\\/www.cyclophoto.com\\\/wp-content\\\/uploads\\\/2025\\\/03\\\/Strade.jpg?fit=224%2C224&ssl=1\",\"contentUrl\":\"https:\\\/\\\/i0.wp.com\\\/www.cyclophoto.com\\\/wp-content\\\/uploads\\\/2025\\\/03\\\/Strade.jpg?fit=224%2C224&ssl=1\",\"width\":224,\"height\":224},{\"@type\":\"BreadcrumbList\",\"@id\":\"https:\\\/\\\/www.cyclophoto.com\\\/2025\\\/03\\\/09\\\/strade-bianche-2025\\\/#breadcrumb\",\"itemListElement\":[{\"@type\":\"ListItem\",\"position\":1,\"name\":\"Home\",\"item\":\"https:\\\/\\\/www.cyclophoto.com\\\/\"},{\"@type\":\"ListItem\",\"position\":2,\"name\":\"Strade Bianche 2025\"}]},{\"@type\":\"WebSite\",\"@id\":\"https:\\\/\\\/www.cyclophoto.com\\\/#website\",\"url\":\"https:\\\/\\\/www.cyclophoto.com\\\/\",\"name\":\"www.cyclophoto.com\",\"description\":\"Professional Cycling Photography Services\",\"publisher\":{\"@id\":\"https:\\\/\\\/www.cyclophoto.com\\\/#organization\"},\"alternateName\":\"Professional Cycling Photography Services\",\"potentialAction\":[{\"@type\":\"SearchAction\",\"target\":{\"@type\":\"EntryPoint\",\"urlTemplate\":\"https:\\\/\\\/www.cyclophoto.com\\\/?s={search_term_string}\"},\"query-input\":{\"@type\":\"PropertyValueSpecification\",\"valueRequired\":true,\"valueName\":\"search_term_string\"}}],\"inLanguage\":\"it-IT\"},{\"@type\":\"Organization\",\"@id\":\"https:\\\/\\\/www.cyclophoto.com\\\/#organization\",\"name\":\"Cyclophoto\",\"alternateName\":\"Professional Cycling Photography Services\",\"url\":\"https:\\\/\\\/www.cyclophoto.com\\\/\",\"logo\":{\"@type\":\"ImageObject\",\"inLanguage\":\"it-IT\",\"@id\":\"https:\\\/\\\/www.cyclophoto.com\\\/#\\\/schema\\\/logo\\\/image\\\/\",\"url\":\"https:\\\/\\\/i0.wp.com\\\/www.cyclophoto.com\\\/wp-content\\\/uploads\\\/2024\\\/08\\\/CYCLOPHOTO-1-HI-RES.png?fit=1563%2C1563&ssl=1\",\"contentUrl\":\"https:\\\/\\\/i0.wp.com\\\/www.cyclophoto.com\\\/wp-content\\\/uploads\\\/2024\\\/08\\\/CYCLOPHOTO-1-HI-RES.png?fit=1563%2C1563&ssl=1\",\"width\":1563,\"height\":1563,\"caption\":\"Cyclophoto\"},\"image\":{\"@id\":\"https:\\\/\\\/www.cyclophoto.com\\\/#\\\/schema\\\/logo\\\/image\\\/\"},\"sameAs\":[\"https:\\\/\\\/www.facebook.com\\\/profile.php?id=61558810670981\",\"https:\\\/\\\/x.com\\\/BartCoenaers\",\"https:\\\/\\\/www.linkedin.com\\\/in\\\/bartcoenaers\\\/\",\"https:\\\/\\\/www.instagram.com\\\/_cyclophoto_\\\/\"],\"description\":\"Professional Cycling Photography Services\",\"email\":\"bart@cyclophoto.com\",\"telephone\":\"+32479367027\",\"legalName\":\"Cyclophoto\",\"vatID\":\"BE0646935362\"},{\"@type\":\"Person\",\"@id\":\"https:\\\/\\\/www.cyclophoto.com\\\/#\\\/schema\\\/person\\\/ebf32472f96fc8ced76192edc166e993\",\"name\":\"bart\",\"image\":{\"@type\":\"ImageObject\",\"inLanguage\":\"it-IT\",\"@id\":\"https:\\\/\\\/secure.gravatar.com\\\/avatar\\\/59e05c90068391e91d7a4816384b7349b86a3afd1b84317e1374251ac0337977?s=96&d=mm&r=g\",\"url\":\"https:\\\/\\\/secure.gravatar.com\\\/avatar\\\/59e05c90068391e91d7a4816384b7349b86a3afd1b84317e1374251ac0337977?s=96&d=mm&r=g\",\"contentUrl\":\"https:\\\/\\\/secure.gravatar.com\\\/avatar\\\/59e05c90068391e91d7a4816384b7349b86a3afd1b84317e1374251ac0337977?s=96&d=mm&r=g\",\"caption\":\"bart\"},\"sameAs\":[\"https:\\\/\\\/www.cyclophoto.com\"],\"url\":\"https:\\\/\\\/www.cyclophoto.com\\\/it\\\/author\\\/bart\\\/\"}]}<\/script>\n<!-- \/ Yoast SEO Premium plugin. -->","yoast_head_json":{"title":"Strade Bianche 2025 - Cyclophoto, Servizi fotografici professionali di ciclismo.","description":"Recensione della Strade Bianche 2025, scritta dal punto di vista di un fotografo di ciclismo. Strade Bianche 2025","robots":{"index":"index","follow":"follow","max-snippet":"max-snippet:-1","max-image-preview":"max-image-preview:large","max-video-preview":"max-video-preview:-1"},"canonical":"https:\/\/www.cyclophoto.com\/it\/2025\/03\/09\/strade-bianche-2025\/","og_locale":"it_IT","og_type":"article","og_title":"Strade Bianche 2025","og_description":"Herbekijk de Strade Bianche 2025, geschreven vanuit het oogpunt van een wielerfotograaf. Strade Bianche 2025","og_url":"https:\/\/www.cyclophoto.com\/it\/2025\/03\/09\/strade-bianche-2025\/","og_site_name":"Cyclophoto, Professional Cycling Photography Services.","article_publisher":"https:\/\/www.facebook.com\/profile.php?id=61558810670981","article_published_time":"2025-03-09T20:59:40+00:00","article_modified_time":"2025-03-17T11:58:27+00:00","og_image":[{"width":224,"height":224,"url":"https:\/\/www.cyclophoto.com\/wp-content\/uploads\/2025\/03\/Strade.jpg","type":"image\/jpeg"}],"author":"bart","twitter_card":"summary_large_image","twitter_creator":"@BartCoenaers","twitter_site":"@BartCoenaers","twitter_misc":{"Scritto da":"bart","Tempo di lettura stimato":"3 minuti"},"schema":{"@context":"https:\/\/schema.org","@graph":[{"@type":"Article","@id":"https:\/\/www.cyclophoto.com\/2025\/03\/09\/strade-bianche-2025\/#article","isPartOf":{"@id":"https:\/\/www.cyclophoto.com\/2025\/03\/09\/strade-bianche-2025\/"},"author":{"name":"bart","@id":"https:\/\/www.cyclophoto.com\/#\/schema\/person\/ebf32472f96fc8ced76192edc166e993"},"headline":"Strade Bianche 2025","datePublished":"2025-03-09T20:59:40+00:00","dateModified":"2025-03-17T11:58:27+00:00","mainEntityOfPage":{"@id":"https:\/\/www.cyclophoto.com\/2025\/03\/09\/strade-bianche-2025\/"},"wordCount":454,"commentCount":0,"publisher":{"@id":"https:\/\/www.cyclophoto.com\/#organization"},"image":{"@id":"https:\/\/www.cyclophoto.com\/2025\/03\/09\/strade-bianche-2025\/#primaryimage"},"thumbnailUrl":"https:\/\/i0.wp.com\/www.cyclophoto.com\/wp-content\/uploads\/2025\/03\/Strade.jpg?fit=224%2C224&ssl=1","articleSection":["BLOG"],"inLanguage":"it-IT","potentialAction":[{"@type":"CommentAction","name":"Comment","target":["https:\/\/www.cyclophoto.com\/2025\/03\/09\/strade-bianche-2025\/#respond"]}]},{"@type":"WebPage","@id":"https:\/\/www.cyclophoto.com\/2025\/03\/09\/strade-bianche-2025\/","url":"https:\/\/www.cyclophoto.com\/2025\/03\/09\/strade-bianche-2025\/","name":"Strade Bianche 2025 - Cyclophoto, Servizi fotografici professionali di ciclismo.","isPartOf":{"@id":"https:\/\/www.cyclophoto.com\/#website"},"primaryImageOfPage":{"@id":"https:\/\/www.cyclophoto.com\/2025\/03\/09\/strade-bianche-2025\/#primaryimage"},"image":{"@id":"https:\/\/www.cyclophoto.com\/2025\/03\/09\/strade-bianche-2025\/#primaryimage"},"thumbnailUrl":"https:\/\/i0.wp.com\/www.cyclophoto.com\/wp-content\/uploads\/2025\/03\/Strade.jpg?fit=224%2C224&ssl=1","datePublished":"2025-03-09T20:59:40+00:00","dateModified":"2025-03-17T11:58:27+00:00","description":"Recensione della Strade Bianche 2025, scritta dal punto di vista di un fotografo di ciclismo. Strade Bianche 2025","breadcrumb":{"@id":"https:\/\/www.cyclophoto.com\/2025\/03\/09\/strade-bianche-2025\/#breadcrumb"},"inLanguage":"it-IT","potentialAction":[{"@type":"ReadAction","target":["https:\/\/www.cyclophoto.com\/2025\/03\/09\/strade-bianche-2025\/"]}]},{"@type":"ImageObject","inLanguage":"it-IT","@id":"https:\/\/www.cyclophoto.com\/2025\/03\/09\/strade-bianche-2025\/#primaryimage","url":"https:\/\/i0.wp.com\/www.cyclophoto.com\/wp-content\/uploads\/2025\/03\/Strade.jpg?fit=224%2C224&ssl=1","contentUrl":"https:\/\/i0.wp.com\/www.cyclophoto.com\/wp-content\/uploads\/2025\/03\/Strade.jpg?fit=224%2C224&ssl=1","width":224,"height":224},{"@type":"BreadcrumbList","@id":"https:\/\/www.cyclophoto.com\/2025\/03\/09\/strade-bianche-2025\/#breadcrumb","itemListElement":[{"@type":"ListItem","position":1,"name":"Home","item":"https:\/\/www.cyclophoto.com\/"},{"@type":"ListItem","position":2,"name":"Strade Bianche 2025"}]},{"@type":"WebSite","@id":"https:\/\/www.cyclophoto.com\/#website","url":"https:\/\/www.cyclophoto.com\/","name":"www.cyclophoto.com","description":"Servizi fotografici professionali in bicicletta","publisher":{"@id":"https:\/\/www.cyclophoto.com\/#organization"},"alternateName":"Professional Cycling Photography Services","potentialAction":[{"@type":"SearchAction","target":{"@type":"EntryPoint","urlTemplate":"https:\/\/www.cyclophoto.com\/?s={search_term_string}"},"query-input":{"@type":"PropertyValueSpecification","valueRequired":true,"valueName":"search_term_string"}}],"inLanguage":"it-IT"},{"@type":"Organization","@id":"https:\/\/www.cyclophoto.com\/#organization","name":"Ciclofoto","alternateName":"Professional Cycling Photography Services","url":"https:\/\/www.cyclophoto.com\/","logo":{"@type":"ImageObject","inLanguage":"it-IT","@id":"https:\/\/www.cyclophoto.com\/#\/schema\/logo\/image\/","url":"https:\/\/i0.wp.com\/www.cyclophoto.com\/wp-content\/uploads\/2024\/08\/CYCLOPHOTO-1-HI-RES.png?fit=1563%2C1563&ssl=1","contentUrl":"https:\/\/i0.wp.com\/www.cyclophoto.com\/wp-content\/uploads\/2024\/08\/CYCLOPHOTO-1-HI-RES.png?fit=1563%2C1563&ssl=1","width":1563,"height":1563,"caption":"Cyclophoto"},"image":{"@id":"https:\/\/www.cyclophoto.com\/#\/schema\/logo\/image\/"},"sameAs":["https:\/\/www.facebook.com\/profile.php?id=61558810670981","https:\/\/x.com\/BartCoenaers","https:\/\/www.linkedin.com\/in\/bartcoenaers\/","https:\/\/www.instagram.com\/_cyclophoto_\/"],"description":"Servizi fotografici professionali in bicicletta","email":"bart@cyclophoto.com","telephone":"+32479367027","legalName":"Cyclophoto","vatID":"BE0646935362"},{"@type":"Person","@id":"https:\/\/www.cyclophoto.com\/#\/schema\/person\/ebf32472f96fc8ced76192edc166e993","name":"barzelletta","image":{"@type":"ImageObject","inLanguage":"it-IT","@id":"https:\/\/secure.gravatar.com\/avatar\/59e05c90068391e91d7a4816384b7349b86a3afd1b84317e1374251ac0337977?s=96&d=mm&r=g","url":"https:\/\/secure.gravatar.com\/avatar\/59e05c90068391e91d7a4816384b7349b86a3afd1b84317e1374251ac0337977?s=96&d=mm&r=g","contentUrl":"https:\/\/secure.gravatar.com\/avatar\/59e05c90068391e91d7a4816384b7349b86a3afd1b84317e1374251ac0337977?s=96&d=mm&r=g","caption":"bart"},"sameAs":["https:\/\/www.cyclophoto.com"],"url":"https:\/\/www.cyclophoto.com\/it\/author\/bart\/"}]}},"jetpack_featured_media_url":"https:\/\/i0.wp.com\/www.cyclophoto.com\/wp-content\/uploads\/2025\/03\/Strade.jpg?fit=224%2C224&ssl=1","jetpack_sharing_enabled":true,"_links":{"self":[{"href":"https:\/\/www.cyclophoto.com\/it\/wp-json\/wp\/v2\/posts\/1243","targetHints":{"allow":["GET"]}}],"collection":[{"href":"https:\/\/www.cyclophoto.com\/it\/wp-json\/wp\/v2\/posts"}],"about":[{"href":"https:\/\/www.cyclophoto.com\/it\/wp-json\/wp\/v2\/types\/post"}],"author":[{"embeddable":true,"href":"https:\/\/www.cyclophoto.com\/it\/wp-json\/wp\/v2\/users\/1"}],"replies":[{"embeddable":true,"href":"https:\/\/www.cyclophoto.com\/it\/wp-json\/wp\/v2\/comments?post=1243"}],"version-history":[{"count":13,"href":"https:\/\/www.cyclophoto.com\/it\/wp-json\/wp\/v2\/posts\/1243\/revisions"}],"predecessor-version":[{"id":1259,"href":"https:\/\/www.cyclophoto.com\/it\/wp-json\/wp\/v2\/posts\/1243\/revisions\/1259"}],"wp:featuredmedia":[{"embeddable":true,"href":"https:\/\/www.cyclophoto.com\/it\/wp-json\/wp\/v2\/media\/1245"}],"wp:attachment":[{"href":"https:\/\/www.cyclophoto.com\/it\/wp-json\/wp\/v2\/media?parent=1243"}],"wp:term":[{"taxonomy":"category","embeddable":true,"href":"https:\/\/www.cyclophoto.com\/it\/wp-json\/wp\/v2\/categories?post=1243"},{"taxonomy":"post_tag","embeddable":true,"href":"https:\/\/www.cyclophoto.com\/it\/wp-json\/wp\/v2\/tags?post=1243"}],"curies":[{"name":"wp","href":"https:\/\/api.w.org\/{rel}","templated":true}]}}