{"id":1025,"date":"2025-02-27T15:16:08","date_gmt":"2025-02-27T13:16:08","guid":{"rendered":"https:\/\/www.cyclophoto.com\/?p=1025"},"modified":"2025-03-05T14:57:46","modified_gmt":"2025-03-05T12:57:46","slug":"blog","status":"publish","type":"post","link":"https:\/\/www.cyclophoto.com\/fr\/2025\/02\/27\/blog\/","title":{"rendered":"Blog de Bart."},"content":{"rendered":"<div data-elementor-type=\"wp-post\" data-elementor-id=\"1025\" class=\"elementor elementor-1025\" data-elementor-post-type=\"post\">\n\t\t\t\t<div class=\"elementor-element elementor-element-28e75d3f e-flex e-con-boxed e-con e-parent\" data-id=\"28e75d3f\" data-element_type=\"container\" data-e-type=\"container\">\n\t\t\t\t\t<div class=\"e-con-inner\">\n\t\t\t\t<div class=\"elementor-element elementor-element-575c70d5 elementor-widget elementor-widget-text-editor\" data-id=\"575c70d5\" data-element_type=\"widget\" data-e-type=\"widget\" data-widget_type=\"text-editor.default\">\n\t\t\t\t<div class=\"elementor-widget-container\">\n\t\t\t\t\t\t\t\t\t<p>Bonjour et bienvenue sur mon blog ! \ud83d\udeb4\u200d\u2642\ufe0f\ud83d\udcf8<\/p><p>Je m'appelle Bart Coenaers, et en tant que photographe cycliste ind\u00e9pendant avec plus de 30 ans d'exp\u00e9rience, j'ai captur\u00e9 la passion et la dynamique du cyclisme dans d'innombrables moments uniques. De l'excitation du BK Cyclocross aux paysages \u00e9poustouflants des vacances \u00e0 v\u00e9lo, mon objectif a tout vu.<\/p><p>D\u00e9sormais, je partagerai r\u00e9guli\u00e8rement des blogs sur tout ce qui touche au cyclisme : des derni\u00e8res tendances et innovations technologiques aux conseils pratiques pour les cyclistes, en passant par les anecdotes sur le monde du cyclisme. Mon objectif ? Vous inspirer, vous informer et vous montrer comment la photographie capture la beaut\u00e9 de ce sport.<\/p><p>Commen\u00e7ons par jeter un coup d'\u0153il sur les plus grandes tendances cyclistes de 2025. Apr\u00e8s tout, cette ann\u00e9e promet d'\u00eatre passionnante pour les amateurs de cyclisme, les marques et les photographes comme moi.<\/p><hr \/><h3><strong>Les plus grandes tendances cyclistes de 2025 : de la Gravelmania aux v\u00e9los intelligents<\/strong><\/h3><p>Le cyclisme n'est jamais fig\u00e9. Chaque ann\u00e9e, de nouvelles technologies, disciplines et tendances apportent une bouff\u00e9e d'air frais au monde du cyclisme. L'ann\u00e9e 2025 ne fait pas exception. De l'essor du gravel cycling \u00e0 l'int\u00e9gration des technologies intelligentes, voici les plus grandes tendances cyclistes \u00e0 suivre cette ann\u00e9e.<\/p><hr \/><h4><strong>1. Gravelmania : L'essor des aventures tout-terrain<\/strong><\/h4><p>Les v\u00e9los de gravier font d\u00e9sormais partie int\u00e9grante du monde du cyclisme. Ce qui n'\u00e9tait au d\u00e9part qu'une niche pour les cyclistes d'aventure est devenu l'une des disciplines \u00e0 la croissance la plus rapide. En 2025, nous nous attendons \u00e0 ce qu'il y ait encore plus de courses de gravier, comme la tr\u00e8s populaire <strong>Strade Bianche<\/strong>\u00a0et de nouveaux \u00e9v\u00e9nements en Belgique et aux Pays-Bas.<\/p><ul><li><strong>Pourquoi du gravier ?<\/strong><br \/>Les v\u00e9los de gravier combinent le meilleur des deux mondes : la vitesse d'un v\u00e9lo de route et l'agilit\u00e9 d'un v\u00e9lo de montagne. Ils sont parfaits pour les longs trajets sur les routes pav\u00e9es et non pav\u00e9es, ce qui les rend id\u00e9aux pour les cyclistes qui aiment l'aventure.<\/li><li><strong>Chiffres<\/strong>Selon un rapport de l'Institut europ\u00e9en de recherche sur la sant\u00e9 (IES)\u00a0<strong>Nouvelles de l'industrie du cyclisme<\/strong> les ventes de v\u00e9los \u00e0 gravit\u00e9 ont augment\u00e9 de 25% en 2024, et cette tendance se poursuivra en 2025.<\/li><\/ul><hr \/><h4><strong>2. V\u00e9los intelligents : La technologie sur deux roues<\/strong><\/h4><p>Les bicyclettes deviennent plus intelligentes. D'ici 2025, nous pr\u00e9voyons une forte progression des technologies int\u00e9gr\u00e9es qui rendent la conduite plus confortable, plus efficace et plus s\u00fbre.<\/p><ul><li><strong>Accessoires intelligents<\/strong>:<ul><li><strong>Compteurs d'\u00e9nergie<\/strong>Le syst\u00e8me de mesure de la puissance : mesurez votre puissance de sortie et aidez \u00e0 optimiser votre entra\u00eenement.<\/li><li><strong>Navigation GPS<\/strong>Les syst\u00e8mes int\u00e9gr\u00e9s qui vous indiquent l'itin\u00e9raire le plus rapide.<\/li><li><strong>Connectivit\u00e9<\/strong>: Des applications telles que\u00a0<strong>Strava<\/strong>\u00a0et\u00a0<strong>Garmin Connect<\/strong>\u00a0se synchronisent parfaitement avec votre v\u00e9lo.<\/li><\/ul><\/li><li><strong>V\u00e9los \u00e9lectriques<\/strong>:<br \/>Les v\u00e9los \u00e9lectriques ne sont plus r\u00e9serv\u00e9s aux cyclistes amateurs. De plus en plus de cyclistes s\u00e9rieux d\u00e9couvrent les avantages des v\u00e9los \u00e9lectriques pour les longues randonn\u00e9es et l'entra\u00eenement de r\u00e9cup\u00e9ration.<\/li><\/ul><hr \/><h4><strong>3. Le cyclisme durable : Le vert est le nouveau noir<\/strong><\/h4><p>La durabilit\u00e9 est un sujet br\u00fblant dans l'industrie du cyclisme. Des marques telles que\u00a0<strong>Sp\u00e9cialis\u00e9<\/strong>\u00a0et\u00a0<strong>Trek<\/strong>\u00a0investir dans des processus de production neutres en carbone et des programmes de recyclage.<\/p><ul><li><strong>Mat\u00e9riaux biosourc\u00e9s<\/strong>:<br \/>Les cadres de v\u00e9lo en lin, en bambou et en carbone recycl\u00e9 gagnent en popularit\u00e9.<\/li><li><strong>V\u00eatements durables<\/strong>:<br \/>Des marques telles que\u00a0<strong>Rapha<\/strong>\u00a0et\u00a0<strong>Assos<\/strong>\u00a0des collections de march\u00e9 fabriqu\u00e9es \u00e0 partir de mat\u00e9riaux recycl\u00e9s.<\/li><\/ul><hr \/><h4><strong>4. R\u00e9alit\u00e9 virtuelle et Zwift : l'avenir de la formation<\/strong><\/h4><p>La popularit\u00e9 des plateformes de formation virtuelle telles que\u00a0<strong>Zwift<\/strong> continue de se d\u00e9velopper. D'ici 2025, nous pr\u00e9voyons encore plus d'innovations dans ce domaine.<\/p><ul><li><strong>Avantages de la formation virtuelle<\/strong>:<ul><li>S'entra\u00eener depuis chez soi, quel que soit le temps.<\/li><li>Comp\u00e9tition avec des cavaliers du monde entier.<\/li><li>Analyse d\u00e9taill\u00e9e des donn\u00e9es pour am\u00e9liorer vos performances.<\/li><\/ul><\/li><li><strong>Chiffres<\/strong>Selon la Commission europ\u00e9enne, l'Union europ\u00e9enne est l'un des principaux acteurs de la lutte contre le terrorisme.\u00a0<strong>Zwift<\/strong>\u00a0plus de 3 millions d'utilisateurs se sont inscrits sur la plateforme, et ce nombre ne cesse d'augmenter.<\/li><\/ul><hr \/><h4><strong>5. V\u00e9los sur mesure<\/strong><\/h4><p>Les cyclistes veulent de plus en plus un v\u00e9lo qui s'adapte parfaitement \u00e0 leur corps et \u00e0 leur style de conduite. En 2025, nous constatons une demande croissante de v\u00e9los sur mesure, dont chaque composant est personnalis\u00e9.<\/p><ul><li><strong>Impression 3D<\/strong>:<br \/>Des marques telles que\u00a0<strong>Cycles Bastion<\/strong>\u00a0Utilisez la technologie de l'impression 3D pour cr\u00e9er des cadres uniques.<\/li><li><strong>V\u00e9los a\u00e9rodynamiques<\/strong>:<br \/>L'a\u00e9rodynamisme reste une priorit\u00e9, avec des innovations telles que l'int\u00e9gration des freins et de la direction.<\/li><\/ul><hr \/><h3><strong>Conclusion<\/strong><\/h3><p>2025 sera une ann\u00e9e passionnante pour le cyclisme. Que vous soyez un aventurier du gravier, un passionn\u00e9 de technologie ou un adepte du d\u00e9veloppement durable, il y en aura pour tous les go\u00fbts. En tant que photographe cycliste, je suis particuli\u00e8rement impatient de capturer ces tendances et de les partager \u00e0 travers mon objectif.<\/p><p>Restez au courant des derniers d\u00e9veloppements en suivant mon blog. La prochaine fois, nous plongerons plus profond\u00e9ment dans le monde des\u00a0<strong>v\u00e9los de gravier<\/strong>\u00a0et d\u00e9couvrez pourquoi cette discipline est si populaire.<\/p><hr \/><h3><strong>Appel \u00e0 l'action<\/strong><\/h3><p>Avez-vous trouv\u00e9 ce blog int\u00e9ressant ?<\/p><p><img fetchpriority=\"high\" decoding=\"async\" data-recalc-dims=\"1\" class=\"alignnone size-medium wp-image-1031\" src=\"https:\/\/i0.wp.com\/www.cyclophoto.com\/wp-content\/uploads\/2025\/02\/DSC3741.jpg?resize=300%2C200&#038;ssl=1\" alt=\"\" width=\"300\" height=\"200\" \/><\/p><p>\u00a0<\/p><p>Partagez-le sur les m\u00e9dias sociaux et suivez-moi sur\u00a0<a href=\"https:\/\/www.instagram.com\/_cyclophoto_\/\" target=\"_blank\" rel=\"noopener noreferrer\">Instagram<\/a>\u00a0et\u00a0<a href=\"https:\/\/www.linkedin.com\/in\/bartcoenaers\/\" target=\"_blank\" rel=\"noopener noreferrer\">LinkedIn<\/a>\u00a0pour plus d'informations. \u00cates-vous int\u00e9ress\u00e9 par la photographie professionnelle de cyclisme pour votre marque, votre \u00e9quipe ou votre \u00e9v\u00e9nement ? N'h\u00e9sitez pas \u00e0 nous contacter via\u00a0<a href=\"https:\/\/mailto:bart@cyclophoto.com\/\" target=\"_blank\" rel=\"noopener noreferrer\">bart@cyclophoto.com<\/a>.<\/p>\t\t\t\t\t\t\t\t<\/div>\n\t\t\t\t<\/div>\n\t\t\t\t\t<\/div>\n\t\t\t\t<\/div>\n\t\t\t\t<\/div>","protected":false},"excerpt":{"rendered":"<p>Bonjour et bienvenue sur mon blog ! \ud83d\udeb4\u200d\u2642\ufe0f\ud83d\udcf8 Je m'appelle Bart Coenaers, et en tant que freelance, j'ai l'honneur de vous pr\u00e9senter mon blog.<\/p>\n<div class=\"read-more\"><a href=\"https:\/\/www.cyclophoto.com\/fr\/2025\/02\/27\/blog\/\" class=\"more-link\">Lire la suite<\/a><\/div>","protected":false},"author":1,"featured_media":263,"comment_status":"open","ping_status":"open","sticky":false,"template":"","format":"standard","meta":{"codedeyo_gutenberg_meta":"","_jetpack_memberships_contains_paid_content":false,"footnotes":""},"categories":[10],"tags":[],"class_list":["post-1025","post","type-post","status-publish","format-standard","has-post-thumbnail","hentry","category-blog","entry"],"yoast_head":"<!-- This site is optimized with the Yoast SEO Premium plugin v24.6 (Yoast SEO v27.5) - https:\/\/yoast.com\/product\/yoast-seo-premium-wordpress\/ -->\n<title>Bart&#039;s Blog. - Cyclophoto, Professional Cycling Photography Services.<\/title>\n<meta name=\"robots\" content=\"index, follow, max-snippet:-1, max-image-preview:large, max-video-preview:-1\" \/>\n<link rel=\"canonical\" href=\"https:\/\/www.cyclophoto.com\/fr\/2025\/02\/27\/blog\/\" \/>\n<meta property=\"og:locale\" content=\"fr_FR\" \/>\n<meta property=\"og:type\" content=\"article\" \/>\n<meta property=\"og:title\" content=\"Bart&#039;s Blog.\" \/>\n<meta property=\"og:description\" content=\"Hallo en welkom op mijn blog! \ud83d\udeb4\u200d\u2642\ufe0f\ud83d\udcf8 Mijn naam is Bart Coenaers, en als freelanceRead More\" \/>\n<meta property=\"og:url\" content=\"https:\/\/www.cyclophoto.com\/fr\/2025\/02\/27\/blog\/\" \/>\n<meta property=\"og:site_name\" content=\"Cyclophoto, Professional Cycling Photography Services.\" \/>\n<meta property=\"article:publisher\" content=\"https:\/\/www.facebook.com\/profile.php?id=61558810670981\" \/>\n<meta property=\"article:published_time\" content=\"2025-02-27T13:16:08+00:00\" \/>\n<meta property=\"article:modified_time\" content=\"2025-03-05T12:57:46+00:00\" \/>\n<meta property=\"og:image\" content=\"https:\/\/www.cyclophoto.com\/wp-content\/uploads\/2024\/08\/Bart-2023V2-e1740912562344.png\" \/>\n\t<meta property=\"og:image:width\" content=\"1080\" \/>\n\t<meta property=\"og:image:height\" content=\"760\" \/>\n\t<meta property=\"og:image:type\" content=\"image\/png\" \/>\n<meta name=\"author\" content=\"bart\" \/>\n<meta name=\"twitter:card\" content=\"summary_large_image\" \/>\n<meta name=\"twitter:creator\" content=\"@BartCoenaers\" \/>\n<meta name=\"twitter:site\" content=\"@BartCoenaers\" \/>\n<meta name=\"twitter:label1\" content=\"\u00c9crit par\" \/>\n\t<meta name=\"twitter:data1\" content=\"bart\" \/>\n\t<meta name=\"twitter:label2\" content=\"Dur\u00e9e de lecture estim\u00e9e\" \/>\n\t<meta name=\"twitter:data2\" content=\"4 minutes\" \/>\n<script type=\"application\/ld+json\" class=\"yoast-schema-graph\">{\"@context\":\"https:\\\/\\\/schema.org\",\"@graph\":[{\"@type\":\"Article\",\"@id\":\"https:\\\/\\\/www.cyclophoto.com\\\/2025\\\/02\\\/27\\\/blog\\\/#article\",\"isPartOf\":{\"@id\":\"https:\\\/\\\/www.cyclophoto.com\\\/2025\\\/02\\\/27\\\/blog\\\/\"},\"author\":{\"name\":\"bart\",\"@id\":\"https:\\\/\\\/www.cyclophoto.com\\\/#\\\/schema\\\/person\\\/ebf32472f96fc8ced76192edc166e993\"},\"headline\":\"Bart&#8217;s Blog.\",\"datePublished\":\"2025-02-27T13:16:08+00:00\",\"dateModified\":\"2025-03-05T12:57:46+00:00\",\"mainEntityOfPage\":{\"@id\":\"https:\\\/\\\/www.cyclophoto.com\\\/2025\\\/02\\\/27\\\/blog\\\/\"},\"wordCount\":709,\"commentCount\":0,\"publisher\":{\"@id\":\"https:\\\/\\\/www.cyclophoto.com\\\/#organization\"},\"image\":{\"@id\":\"https:\\\/\\\/www.cyclophoto.com\\\/2025\\\/02\\\/27\\\/blog\\\/#primaryimage\"},\"thumbnailUrl\":\"https:\\\/\\\/i0.wp.com\\\/www.cyclophoto.com\\\/wp-content\\\/uploads\\\/2024\\\/08\\\/Bart-2023V2-e1740912562344.png?fit=1080%2C760&ssl=1\",\"articleSection\":[\"BLOG\"],\"inLanguage\":\"fr-FR\",\"potentialAction\":[{\"@type\":\"CommentAction\",\"name\":\"Comment\",\"target\":[\"https:\\\/\\\/www.cyclophoto.com\\\/2025\\\/02\\\/27\\\/blog\\\/#respond\"]}]},{\"@type\":\"WebPage\",\"@id\":\"https:\\\/\\\/www.cyclophoto.com\\\/2025\\\/02\\\/27\\\/blog\\\/\",\"url\":\"https:\\\/\\\/www.cyclophoto.com\\\/2025\\\/02\\\/27\\\/blog\\\/\",\"name\":\"Bart's Blog. - Cyclophoto, Professional Cycling Photography Services.\",\"isPartOf\":{\"@id\":\"https:\\\/\\\/www.cyclophoto.com\\\/#website\"},\"primaryImageOfPage\":{\"@id\":\"https:\\\/\\\/www.cyclophoto.com\\\/2025\\\/02\\\/27\\\/blog\\\/#primaryimage\"},\"image\":{\"@id\":\"https:\\\/\\\/www.cyclophoto.com\\\/2025\\\/02\\\/27\\\/blog\\\/#primaryimage\"},\"thumbnailUrl\":\"https:\\\/\\\/i0.wp.com\\\/www.cyclophoto.com\\\/wp-content\\\/uploads\\\/2024\\\/08\\\/Bart-2023V2-e1740912562344.png?fit=1080%2C760&ssl=1\",\"datePublished\":\"2025-02-27T13:16:08+00:00\",\"dateModified\":\"2025-03-05T12:57:46+00:00\",\"breadcrumb\":{\"@id\":\"https:\\\/\\\/www.cyclophoto.com\\\/2025\\\/02\\\/27\\\/blog\\\/#breadcrumb\"},\"inLanguage\":\"fr-FR\",\"potentialAction\":[{\"@type\":\"ReadAction\",\"target\":[\"https:\\\/\\\/www.cyclophoto.com\\\/2025\\\/02\\\/27\\\/blog\\\/\"]}]},{\"@type\":\"ImageObject\",\"inLanguage\":\"fr-FR\",\"@id\":\"https:\\\/\\\/www.cyclophoto.com\\\/2025\\\/02\\\/27\\\/blog\\\/#primaryimage\",\"url\":\"https:\\\/\\\/i0.wp.com\\\/www.cyclophoto.com\\\/wp-content\\\/uploads\\\/2024\\\/08\\\/Bart-2023V2-e1740912562344.png?fit=1080%2C760&ssl=1\",\"contentUrl\":\"https:\\\/\\\/i0.wp.com\\\/www.cyclophoto.com\\\/wp-content\\\/uploads\\\/2024\\\/08\\\/Bart-2023V2-e1740912562344.png?fit=1080%2C760&ssl=1\",\"width\":1080,\"height\":760},{\"@type\":\"BreadcrumbList\",\"@id\":\"https:\\\/\\\/www.cyclophoto.com\\\/2025\\\/02\\\/27\\\/blog\\\/#breadcrumb\",\"itemListElement\":[{\"@type\":\"ListItem\",\"position\":1,\"name\":\"Home\",\"item\":\"https:\\\/\\\/www.cyclophoto.com\\\/\"},{\"@type\":\"ListItem\",\"position\":2,\"name\":\"Bart&#8217;s Blog.\"}]},{\"@type\":\"WebSite\",\"@id\":\"https:\\\/\\\/www.cyclophoto.com\\\/#website\",\"url\":\"https:\\\/\\\/www.cyclophoto.com\\\/\",\"name\":\"www.cyclophoto.com\",\"description\":\"Professional Cycling Photography Services\",\"publisher\":{\"@id\":\"https:\\\/\\\/www.cyclophoto.com\\\/#organization\"},\"alternateName\":\"Professional Cycling Photography Services\",\"potentialAction\":[{\"@type\":\"SearchAction\",\"target\":{\"@type\":\"EntryPoint\",\"urlTemplate\":\"https:\\\/\\\/www.cyclophoto.com\\\/?s={search_term_string}\"},\"query-input\":{\"@type\":\"PropertyValueSpecification\",\"valueRequired\":true,\"valueName\":\"search_term_string\"}}],\"inLanguage\":\"fr-FR\"},{\"@type\":\"Organization\",\"@id\":\"https:\\\/\\\/www.cyclophoto.com\\\/#organization\",\"name\":\"Cyclophoto\",\"alternateName\":\"Professional Cycling Photography Services\",\"url\":\"https:\\\/\\\/www.cyclophoto.com\\\/\",\"logo\":{\"@type\":\"ImageObject\",\"inLanguage\":\"fr-FR\",\"@id\":\"https:\\\/\\\/www.cyclophoto.com\\\/#\\\/schema\\\/logo\\\/image\\\/\",\"url\":\"https:\\\/\\\/i0.wp.com\\\/www.cyclophoto.com\\\/wp-content\\\/uploads\\\/2024\\\/08\\\/CYCLOPHOTO-1-HI-RES.png?fit=1563%2C1563&ssl=1\",\"contentUrl\":\"https:\\\/\\\/i0.wp.com\\\/www.cyclophoto.com\\\/wp-content\\\/uploads\\\/2024\\\/08\\\/CYCLOPHOTO-1-HI-RES.png?fit=1563%2C1563&ssl=1\",\"width\":1563,\"height\":1563,\"caption\":\"Cyclophoto\"},\"image\":{\"@id\":\"https:\\\/\\\/www.cyclophoto.com\\\/#\\\/schema\\\/logo\\\/image\\\/\"},\"sameAs\":[\"https:\\\/\\\/www.facebook.com\\\/profile.php?id=61558810670981\",\"https:\\\/\\\/x.com\\\/BartCoenaers\",\"https:\\\/\\\/www.linkedin.com\\\/in\\\/bartcoenaers\\\/\",\"https:\\\/\\\/www.instagram.com\\\/_cyclophoto_\\\/\"],\"description\":\"Professional Cycling Photography Services\",\"email\":\"bart@cyclophoto.com\",\"telephone\":\"+32479367027\",\"legalName\":\"Cyclophoto\",\"vatID\":\"BE0646935362\"},{\"@type\":\"Person\",\"@id\":\"https:\\\/\\\/www.cyclophoto.com\\\/#\\\/schema\\\/person\\\/ebf32472f96fc8ced76192edc166e993\",\"name\":\"bart\",\"image\":{\"@type\":\"ImageObject\",\"inLanguage\":\"fr-FR\",\"@id\":\"https:\\\/\\\/secure.gravatar.com\\\/avatar\\\/59e05c90068391e91d7a4816384b7349b86a3afd1b84317e1374251ac0337977?s=96&d=mm&r=g\",\"url\":\"https:\\\/\\\/secure.gravatar.com\\\/avatar\\\/59e05c90068391e91d7a4816384b7349b86a3afd1b84317e1374251ac0337977?s=96&d=mm&r=g\",\"contentUrl\":\"https:\\\/\\\/secure.gravatar.com\\\/avatar\\\/59e05c90068391e91d7a4816384b7349b86a3afd1b84317e1374251ac0337977?s=96&d=mm&r=g\",\"caption\":\"bart\"},\"sameAs\":[\"https:\\\/\\\/www.cyclophoto.com\"],\"url\":\"https:\\\/\\\/www.cyclophoto.com\\\/fr\\\/author\\\/bart\\\/\"}]}<\/script>\n<!-- \/ Yoast SEO Premium plugin. -->","yoast_head_json":{"title":"Blog de Bart. - Cyclophoto, services professionnels de photographie cycliste.","robots":{"index":"index","follow":"follow","max-snippet":"max-snippet:-1","max-image-preview":"max-image-preview:large","max-video-preview":"max-video-preview:-1"},"canonical":"https:\/\/www.cyclophoto.com\/fr\/2025\/02\/27\/blog\/","og_locale":"fr_FR","og_type":"article","og_title":"Bart's Blog.","og_description":"Hallo en welkom op mijn blog! \ud83d\udeb4\u200d\u2642\ufe0f\ud83d\udcf8 Mijn naam is Bart Coenaers, en als freelanceRead More","og_url":"https:\/\/www.cyclophoto.com\/fr\/2025\/02\/27\/blog\/","og_site_name":"Cyclophoto, Professional Cycling Photography Services.","article_publisher":"https:\/\/www.facebook.com\/profile.php?id=61558810670981","article_published_time":"2025-02-27T13:16:08+00:00","article_modified_time":"2025-03-05T12:57:46+00:00","og_image":[{"width":1080,"height":760,"url":"https:\/\/www.cyclophoto.com\/wp-content\/uploads\/2024\/08\/Bart-2023V2-e1740912562344.png","type":"image\/png"}],"author":"bart","twitter_card":"summary_large_image","twitter_creator":"@BartCoenaers","twitter_site":"@BartCoenaers","twitter_misc":{"\u00c9crit par":"bart","Dur\u00e9e de lecture estim\u00e9e":"4 minutes"},"schema":{"@context":"https:\/\/schema.org","@graph":[{"@type":"Article","@id":"https:\/\/www.cyclophoto.com\/2025\/02\/27\/blog\/#article","isPartOf":{"@id":"https:\/\/www.cyclophoto.com\/2025\/02\/27\/blog\/"},"author":{"name":"bart","@id":"https:\/\/www.cyclophoto.com\/#\/schema\/person\/ebf32472f96fc8ced76192edc166e993"},"headline":"Bart&#8217;s Blog.","datePublished":"2025-02-27T13:16:08+00:00","dateModified":"2025-03-05T12:57:46+00:00","mainEntityOfPage":{"@id":"https:\/\/www.cyclophoto.com\/2025\/02\/27\/blog\/"},"wordCount":709,"commentCount":0,"publisher":{"@id":"https:\/\/www.cyclophoto.com\/#organization"},"image":{"@id":"https:\/\/www.cyclophoto.com\/2025\/02\/27\/blog\/#primaryimage"},"thumbnailUrl":"https:\/\/i0.wp.com\/www.cyclophoto.com\/wp-content\/uploads\/2024\/08\/Bart-2023V2-e1740912562344.png?fit=1080%2C760&ssl=1","articleSection":["BLOG"],"inLanguage":"fr-FR","potentialAction":[{"@type":"CommentAction","name":"Comment","target":["https:\/\/www.cyclophoto.com\/2025\/02\/27\/blog\/#respond"]}]},{"@type":"WebPage","@id":"https:\/\/www.cyclophoto.com\/2025\/02\/27\/blog\/","url":"https:\/\/www.cyclophoto.com\/2025\/02\/27\/blog\/","name":"Blog de Bart. - Cyclophoto, services professionnels de photographie cycliste.","isPartOf":{"@id":"https:\/\/www.cyclophoto.com\/#website"},"primaryImageOfPage":{"@id":"https:\/\/www.cyclophoto.com\/2025\/02\/27\/blog\/#primaryimage"},"image":{"@id":"https:\/\/www.cyclophoto.com\/2025\/02\/27\/blog\/#primaryimage"},"thumbnailUrl":"https:\/\/i0.wp.com\/www.cyclophoto.com\/wp-content\/uploads\/2024\/08\/Bart-2023V2-e1740912562344.png?fit=1080%2C760&ssl=1","datePublished":"2025-02-27T13:16:08+00:00","dateModified":"2025-03-05T12:57:46+00:00","breadcrumb":{"@id":"https:\/\/www.cyclophoto.com\/2025\/02\/27\/blog\/#breadcrumb"},"inLanguage":"fr-FR","potentialAction":[{"@type":"ReadAction","target":["https:\/\/www.cyclophoto.com\/2025\/02\/27\/blog\/"]}]},{"@type":"ImageObject","inLanguage":"fr-FR","@id":"https:\/\/www.cyclophoto.com\/2025\/02\/27\/blog\/#primaryimage","url":"https:\/\/i0.wp.com\/www.cyclophoto.com\/wp-content\/uploads\/2024\/08\/Bart-2023V2-e1740912562344.png?fit=1080%2C760&ssl=1","contentUrl":"https:\/\/i0.wp.com\/www.cyclophoto.com\/wp-content\/uploads\/2024\/08\/Bart-2023V2-e1740912562344.png?fit=1080%2C760&ssl=1","width":1080,"height":760},{"@type":"BreadcrumbList","@id":"https:\/\/www.cyclophoto.com\/2025\/02\/27\/blog\/#breadcrumb","itemListElement":[{"@type":"ListItem","position":1,"name":"Home","item":"https:\/\/www.cyclophoto.com\/"},{"@type":"ListItem","position":2,"name":"Bart&#8217;s Blog."}]},{"@type":"WebSite","@id":"https:\/\/www.cyclophoto.com\/#website","url":"https:\/\/www.cyclophoto.com\/","name":"www.cyclophoto.com","description":"Services professionnels de photographie de cyclisme","publisher":{"@id":"https:\/\/www.cyclophoto.com\/#organization"},"alternateName":"Professional Cycling Photography Services","potentialAction":[{"@type":"SearchAction","target":{"@type":"EntryPoint","urlTemplate":"https:\/\/www.cyclophoto.com\/?s={search_term_string}"},"query-input":{"@type":"PropertyValueSpecification","valueRequired":true,"valueName":"search_term_string"}}],"inLanguage":"fr-FR"},{"@type":"Organization","@id":"https:\/\/www.cyclophoto.com\/#organization","name":"Cyclophoto","alternateName":"Professional Cycling Photography Services","url":"https:\/\/www.cyclophoto.com\/","logo":{"@type":"ImageObject","inLanguage":"fr-FR","@id":"https:\/\/www.cyclophoto.com\/#\/schema\/logo\/image\/","url":"https:\/\/i0.wp.com\/www.cyclophoto.com\/wp-content\/uploads\/2024\/08\/CYCLOPHOTO-1-HI-RES.png?fit=1563%2C1563&ssl=1","contentUrl":"https:\/\/i0.wp.com\/www.cyclophoto.com\/wp-content\/uploads\/2024\/08\/CYCLOPHOTO-1-HI-RES.png?fit=1563%2C1563&ssl=1","width":1563,"height":1563,"caption":"Cyclophoto"},"image":{"@id":"https:\/\/www.cyclophoto.com\/#\/schema\/logo\/image\/"},"sameAs":["https:\/\/www.facebook.com\/profile.php?id=61558810670981","https:\/\/x.com\/BartCoenaers","https:\/\/www.linkedin.com\/in\/bartcoenaers\/","https:\/\/www.instagram.com\/_cyclophoto_\/"],"description":"Services professionnels de photographie de cyclisme","email":"bart@cyclophoto.com","telephone":"+32479367027","legalName":"Cyclophoto","vatID":"BE0646935362"},{"@type":"Person","@id":"https:\/\/www.cyclophoto.com\/#\/schema\/person\/ebf32472f96fc8ced76192edc166e993","name":"bart","image":{"@type":"ImageObject","inLanguage":"fr-FR","@id":"https:\/\/secure.gravatar.com\/avatar\/59e05c90068391e91d7a4816384b7349b86a3afd1b84317e1374251ac0337977?s=96&d=mm&r=g","url":"https:\/\/secure.gravatar.com\/avatar\/59e05c90068391e91d7a4816384b7349b86a3afd1b84317e1374251ac0337977?s=96&d=mm&r=g","contentUrl":"https:\/\/secure.gravatar.com\/avatar\/59e05c90068391e91d7a4816384b7349b86a3afd1b84317e1374251ac0337977?s=96&d=mm&r=g","caption":"bart"},"sameAs":["https:\/\/www.cyclophoto.com"],"url":"https:\/\/www.cyclophoto.com\/fr\/author\/bart\/"}]}},"jetpack_featured_media_url":"https:\/\/i0.wp.com\/www.cyclophoto.com\/wp-content\/uploads\/2024\/08\/Bart-2023V2-e1740912562344.png?fit=1080%2C760&ssl=1","jetpack_sharing_enabled":true,"_links":{"self":[{"href":"https:\/\/www.cyclophoto.com\/fr\/wp-json\/wp\/v2\/posts\/1025","targetHints":{"allow":["GET"]}}],"collection":[{"href":"https:\/\/www.cyclophoto.com\/fr\/wp-json\/wp\/v2\/posts"}],"about":[{"href":"https:\/\/www.cyclophoto.com\/fr\/wp-json\/wp\/v2\/types\/post"}],"author":[{"embeddable":true,"href":"https:\/\/www.cyclophoto.com\/fr\/wp-json\/wp\/v2\/users\/1"}],"replies":[{"embeddable":true,"href":"https:\/\/www.cyclophoto.com\/fr\/wp-json\/wp\/v2\/comments?post=1025"}],"version-history":[{"count":12,"href":"https:\/\/www.cyclophoto.com\/fr\/wp-json\/wp\/v2\/posts\/1025\/revisions"}],"predecessor-version":[{"id":1197,"href":"https:\/\/www.cyclophoto.com\/fr\/wp-json\/wp\/v2\/posts\/1025\/revisions\/1197"}],"wp:featuredmedia":[{"embeddable":true,"href":"https:\/\/www.cyclophoto.com\/fr\/wp-json\/wp\/v2\/media\/263"}],"wp:attachment":[{"href":"https:\/\/www.cyclophoto.com\/fr\/wp-json\/wp\/v2\/media?parent=1025"}],"wp:term":[{"taxonomy":"category","embeddable":true,"href":"https:\/\/www.cyclophoto.com\/fr\/wp-json\/wp\/v2\/categories?post=1025"},{"taxonomy":"post_tag","embeddable":true,"href":"https:\/\/www.cyclophoto.com\/fr\/wp-json\/wp\/v2\/tags?post=1025"}],"curies":[{"name":"wp","href":"https:\/\/api.w.org\/{rel}","templated":true}]}}