{"id":1051,"date":"2025-02-28T13:50:18","date_gmt":"2025-02-28T11:50:18","guid":{"rendered":"https:\/\/www.cyclophoto.com\/?p=1051"},"modified":"2025-03-05T14:56:14","modified_gmt":"2025-03-05T12:56:14","slug":"en-sus-marcas","status":"publish","type":"post","link":"https:\/\/www.cyclophoto.com\/es\/2025\/02\/28\/en-sus-marcas\/","title":{"rendered":"\u00a1En sus marcas!"},"content":{"rendered":"<div data-elementor-type=\"wp-post\" data-elementor-id=\"1051\" class=\"elementor elementor-1051\" data-elementor-post-type=\"post\">\n\t\t\t\t<div class=\"elementor-element elementor-element-4c3d4fd6 e-flex e-con-boxed e-con e-parent\" data-id=\"4c3d4fd6\" data-element_type=\"container\" data-e-type=\"container\">\n\t\t\t\t\t<div class=\"e-con-inner\">\n\t\t\t\t<div class=\"elementor-element elementor-element-342b97f6 elementor-widget elementor-widget-text-editor\" data-id=\"342b97f6\" data-element_type=\"widget\" data-e-type=\"widget\" data-widget_type=\"text-editor.default\">\n\t\t\t\t<div class=\"elementor-widget-container\">\n\t\t\t\t\t\t\t\t\t<p><img fetchpriority=\"high\" decoding=\"async\" data-recalc-dims=\"1\" class=\"size-medium wp-image-993 aligncenter\" src=\"https:\/\/i0.wp.com\/www.cyclophoto.com\/wp-content\/uploads\/2025\/02\/HuboScott2025-67-2.jpg?resize=200%2C300&#038;ssl=1\" alt=\"\" width=\"200\" height=\"300\"><\/p>\n<h3 style=\"text-align: center;\"><span style=\"text-decoration: underline;\"><strong>Por qu\u00e9 las bicicletas el\u00e9ctricas son el futuro (tambi\u00e9n para los ciclistas serios)<\/strong><\/span><\/h3><div><span style=\"text-decoration: underline;\"><strong><br><\/strong><\/span><\/div>\n<p>Las bicicletas el\u00e9ctricas ya no pueden ser ignoradas en las calles. Lo que antes se consideraba una herramienta para ciclistas recreativos es ahora una opci\u00f3n seria incluso para los ciclistas m\u00e1s experimentados. En este art\u00edculo descubrir\u00e1s por qu\u00e9 las bicicletas el\u00e9ctricas son el futuro del ciclismo y por qu\u00e9 t\u00fa tambi\u00e9n deber\u00edas plantearte comprar una.<\/p>\n<hr>\n<h4><strong>1. E-Bikes: m\u00e1s que una tendencia<\/strong><\/h4>\n<p>La popularidad de las bicicletas el\u00e9ctricas se ha disparado en los \u00faltimos a\u00f1os. Seg\u00fan un informe de&nbsp;<strong>CONEBI<\/strong>&nbsp;(Confederaci\u00f3n de la Industria Europea de la Bicicleta) m\u00e1s de&nbsp;<strong>5 millones de bicicletas el\u00e9ctricas<\/strong>&nbsp;vendidas en Europa, 20% m\u00e1s que el a\u00f1o anterior.<\/p>\n<ul>\n<li>\n<p><strong>\u00bfPor qu\u00e9 es tan popular?<\/strong><br>Las bicicletas el\u00e9ctricas combinan las ventajas de una bicicleta tradicional con la potencia de la asistencia el\u00e9ctrica. Esto las hace accesibles a un p\u00fablico m\u00e1s amplio, desde viajeros al trabajo hasta ciclistas deportivos.<\/p>\n<\/li>\n<\/ul>\n<hr>\n<h4><strong>2. E-Bikes para ciclistas serios<\/strong><\/h4>\n<p>Muchos ciclistas serios se muestran inicialmente esc\u00e9pticos ante las bicicletas el\u00e9ctricas, pero la percepci\u00f3n est\u00e1 cambiando r\u00e1pidamente. He aqu\u00ed algunas razones por las que las bicicletas el\u00e9ctricas tambi\u00e9n cambian las reglas del juego para ellos:<\/p>\n<ul>\n<li>\n<p><strong>Viajes largos menos cansados<\/strong>:<br>Con la asistencia el\u00e9ctrica, puedes recorrer distancias m\u00e1s largas sin agotarte. Es ideal para entrenar o hacer turismo.<\/p>\n<\/li>\n<li>\n<p><strong>Entrenamiento de recuperaci\u00f3n<\/strong>:<br>Las bicicletas el\u00e9ctricas son perfectas para los d\u00edas de recuperaci\u00f3n. Puedes pedalear tranquilamente sin forzar demasiado el cuerpo y, al mismo tiempo, mantenerte activo.<\/p>\n<\/li>\n<li>\n<p><strong>Escalar se convierte en una diversi\u00f3n<\/strong>:<br>Las cuestas empinadas ya no son un obst\u00e1culo. Con una e-bike, puedes disfrutar del paisaje sin preocuparte por la fatiga.<\/p>\n<\/li>\n<\/ul>\n<hr>\n<h4><strong>3. Innovaciones tecnol\u00f3gicas<\/strong><\/h4>\n<p>Las bicicletas el\u00e9ctricas son cada vez m\u00e1s sofisticadas. Estas son algunas de las tendencias tecnol\u00f3gicas que marcan el futuro de las bicicletas el\u00e9ctricas:<\/p>\n<ul>\n<li>\n<p><strong>Pilas de mechero<\/strong>:<br>Las bicicletas el\u00e9ctricas modernas son m\u00e1s ligeras que nunca, gracias a las avanzadas bater\u00edas de iones de litio. Esto las hace m\u00e1s \u00e1giles y adecuadas para un uso deportivo.<\/p>\n<\/li>\n<li>\n<p><strong>Asistencia inteligente<\/strong>:<br>Sistemas como&nbsp;<strong>L\u00ednea Bosch Performance<\/strong>&nbsp;y&nbsp;<strong>Shimano STEPS<\/strong>&nbsp;ajustan autom\u00e1ticamente el apoyo en funci\u00f3n de tu velocidad, cadencia y terreno.<\/p>\n<\/li>\n<li>\n<p><strong>Conectividad<\/strong>:<br>Muchas bicicletas el\u00e9ctricas est\u00e1n equipadas con Bluetooth y aplicaciones que registran tu rendimiento, planifican rutas y te recuerdan el mantenimiento.<\/p>\n<\/li>\n<\/ul>\n<hr>\n<h4><strong>4. Sostenibilidad y beneficios medioambientales<\/strong><\/h4>\n<p>Las bicicletas el\u00e9ctricas no s\u00f3lo son buenas para ti, sino tambi\u00e9n para el medio ambiente.<\/p>\n<ul>\n<li>\n<p><strong>Menos emisiones de CO2<\/strong>:<br>En comparaci\u00f3n con los coches o las motos, las e-bikes apenas emiten CO2. Son una alternativa sostenible para desplazamientos diarios y viajes cortos.<\/p>\n<\/li>\n<li>\n<p><strong>Eficiencia energ\u00e9tica<\/strong>:<br>Una bicicleta el\u00e9ctrica totalmente cargada consume s\u00f3lo una fracci\u00f3n de la energ\u00eda que necesita un coche para recorrer la misma distancia.<\/p>\n<\/li>\n<\/ul>\n<hr>\n<h4><strong>5. Las bicicletas el\u00e9ctricas en el mundo profesional<\/strong><\/h4>\n<p>Las bicicletas el\u00e9ctricas tambi\u00e9n est\u00e1n ganando popularidad en el ciclismo profesional.<\/p>\n<ul>\n<li>\n<p><strong>Herramienta de formaci\u00f3n<\/strong>:<br>Los ciclistas profesionales utilizan las bicicletas el\u00e9ctricas para entrenamientos espec\u00edficos, como el entrenamiento por intervalos o los recorridos de recuperaci\u00f3n.<\/p>\n<\/li>\n<li>\n<p><strong>Veh\u00edculos de apoyo<\/strong>:<br>Durante las pruebas ciclistas, los jefes de equipo, los fot\u00f3grafos y el personal m\u00e9dico utilizan cada vez m\u00e1s las bicicletas el\u00e9ctricas.<\/p>\n<\/li>\n<\/ul>\n<hr>\n<h3><strong>Conclusi\u00f3n<\/strong><\/h3>\n<p>Las e-bikes son m\u00e1s que una moda: han llegado para quedarse. Tanto si eres un ciclista serio, un ciclista recreativo o simplemente buscas un medio de transporte sostenible, una e-bike ofrece algo para todos.<\/p>\n<p>\u00bfTe preguntas c\u00f3mo las bicicletas el\u00e9ctricas est\u00e1n cambiando el ciclismo? Sigue mi blog para estar al d\u00eda e inspirarte. La pr\u00f3xima vez nos sumergiremos m\u00e1s a fondo en el mundo de las&nbsp;<strong>ciclismo sostenible<\/strong>&nbsp;y descubra c\u00f3mo las marcas est\u00e1n desarrollando bicicletas neutras en carbono.<\/p>\n<hr>\n<h3><strong>Llamada a la acci\u00f3n<\/strong><\/h3>\n<p>\u00bfTe ha parecido interesante este blog? Comp\u00e1rtelo en las redes sociales y s\u00edgueme en&nbsp;<a href=\"https:\/\/www.instagram.com\/_cyclophoto_\/\" target=\"_blank\" rel=\"noopener noreferrer\">Instagram<\/a>&nbsp;y&nbsp;<a href=\"https:\/\/www.linkedin.com\/in\/bartcoenaers\/\" target=\"_blank\" rel=\"noopener noreferrer\">LinkedIn<\/a>&nbsp;para m\u00e1s informaci\u00f3n. \u00bfTe interesa la fotograf\u00eda profesional de ciclismo para tu marca, equipo o evento? No dudes en ponerte en contacto con nosotros a trav\u00e9s de&nbsp;<a href=\"https:\/\/mailto:bart@cyclophoto.com\/\" target=\"_blank\" rel=\"noopener noreferrer\">bart@cyclophoto.com<\/a>.<\/p>\t\t\t\t\t\t\t\t<\/div>\n\t\t\t\t<\/div>\n\t\t\t\t\t<\/div>\n\t\t\t\t<\/div>\n\t\t\t\t<\/div>","protected":false},"excerpt":{"rendered":"<p>Por qu\u00e9 las bicicletas el\u00e9ctricas son el futuro (tambi\u00e9n para los conductores serios) Las bicicletas el\u00e9ctricas han llegado para quedarse.<\/p>\n<div class=\"read-more\"><a href=\"https:\/\/www.cyclophoto.com\/es\/2025\/02\/28\/en-sus-marcas\/\" class=\"more-link\">Seguir leyendo<\/a><\/div>","protected":false},"author":1,"featured_media":993,"comment_status":"open","ping_status":"open","sticky":false,"template":"","format":"standard","meta":{"codedeyo_gutenberg_meta":"","_jetpack_memberships_contains_paid_content":false,"footnotes":""},"categories":[10],"tags":[],"class_list":["post-1051","post","type-post","status-publish","format-standard","has-post-thumbnail","hentry","category-blog","entry"],"yoast_head":"<!-- This site is optimized with the Yoast SEO Premium plugin v24.6 (Yoast SEO v27.5) - https:\/\/yoast.com\/product\/yoast-seo-premium-wordpress\/ -->\n<title>On your marks ! - Cyclophoto, Professional Cycling Photography Services.<\/title>\n<meta name=\"robots\" content=\"index, follow, max-snippet:-1, max-image-preview:large, max-video-preview:-1\" \/>\n<link rel=\"canonical\" href=\"https:\/\/www.cyclophoto.com\/es\/2025\/02\/28\/en-sus-marcas\/\" \/>\n<meta property=\"og:locale\" content=\"es_ES\" \/>\n<meta property=\"og:type\" content=\"article\" \/>\n<meta property=\"og:title\" content=\"On your marks !\" \/>\n<meta property=\"og:description\" content=\"Waarom E-Bikes de Toekomst Zijn (Ook voor Serieuze Renners) E-bikes zijn niet meer weg teRead More\" \/>\n<meta property=\"og:url\" content=\"https:\/\/www.cyclophoto.com\/es\/2025\/02\/28\/en-sus-marcas\/\" \/>\n<meta property=\"og:site_name\" content=\"Cyclophoto, Professional Cycling Photography Services.\" \/>\n<meta property=\"article:publisher\" content=\"https:\/\/www.facebook.com\/profile.php?id=61558810670981\" \/>\n<meta property=\"article:published_time\" content=\"2025-02-28T11:50:18+00:00\" \/>\n<meta property=\"article:modified_time\" content=\"2025-03-05T12:56:14+00:00\" \/>\n<meta property=\"og:image\" content=\"https:\/\/www.cyclophoto.com\/wp-content\/uploads\/2025\/02\/HuboScott2025-67-2-scaled.jpg\" \/>\n\t<meta property=\"og:image:width\" content=\"1707\" \/>\n\t<meta property=\"og:image:height\" content=\"2560\" \/>\n\t<meta property=\"og:image:type\" content=\"image\/jpeg\" \/>\n<meta name=\"author\" content=\"bart\" \/>\n<meta name=\"twitter:card\" content=\"summary_large_image\" \/>\n<meta name=\"twitter:creator\" content=\"@BartCoenaers\" \/>\n<meta name=\"twitter:site\" content=\"@BartCoenaers\" \/>\n<meta name=\"twitter:label1\" content=\"Escrito por\" \/>\n\t<meta name=\"twitter:data1\" content=\"bart\" \/>\n\t<meta name=\"twitter:label2\" content=\"Tiempo de lectura\" \/>\n\t<meta name=\"twitter:data2\" content=\"3 minutos\" \/>\n<script type=\"application\/ld+json\" class=\"yoast-schema-graph\">{\"@context\":\"https:\\\/\\\/schema.org\",\"@graph\":[{\"@type\":\"Article\",\"@id\":\"https:\\\/\\\/www.cyclophoto.com\\\/2025\\\/02\\\/28\\\/on-your-marks\\\/#article\",\"isPartOf\":{\"@id\":\"https:\\\/\\\/www.cyclophoto.com\\\/2025\\\/02\\\/28\\\/on-your-marks\\\/\"},\"author\":{\"name\":\"bart\",\"@id\":\"https:\\\/\\\/www.cyclophoto.com\\\/#\\\/schema\\\/person\\\/ebf32472f96fc8ced76192edc166e993\"},\"headline\":\"On your marks !\",\"datePublished\":\"2025-02-28T11:50:18+00:00\",\"dateModified\":\"2025-03-05T12:56:14+00:00\",\"mainEntityOfPage\":{\"@id\":\"https:\\\/\\\/www.cyclophoto.com\\\/2025\\\/02\\\/28\\\/on-your-marks\\\/\"},\"wordCount\":556,\"commentCount\":0,\"publisher\":{\"@id\":\"https:\\\/\\\/www.cyclophoto.com\\\/#organization\"},\"image\":{\"@id\":\"https:\\\/\\\/www.cyclophoto.com\\\/2025\\\/02\\\/28\\\/on-your-marks\\\/#primaryimage\"},\"thumbnailUrl\":\"https:\\\/\\\/i0.wp.com\\\/www.cyclophoto.com\\\/wp-content\\\/uploads\\\/2025\\\/02\\\/HuboScott2025-67-2-scaled.jpg?fit=1707%2C2560&ssl=1\",\"articleSection\":[\"BLOG\"],\"inLanguage\":\"es\",\"potentialAction\":[{\"@type\":\"CommentAction\",\"name\":\"Comment\",\"target\":[\"https:\\\/\\\/www.cyclophoto.com\\\/2025\\\/02\\\/28\\\/on-your-marks\\\/#respond\"]}]},{\"@type\":\"WebPage\",\"@id\":\"https:\\\/\\\/www.cyclophoto.com\\\/2025\\\/02\\\/28\\\/on-your-marks\\\/\",\"url\":\"https:\\\/\\\/www.cyclophoto.com\\\/2025\\\/02\\\/28\\\/on-your-marks\\\/\",\"name\":\"On your marks ! - Cyclophoto, Professional Cycling Photography Services.\",\"isPartOf\":{\"@id\":\"https:\\\/\\\/www.cyclophoto.com\\\/#website\"},\"primaryImageOfPage\":{\"@id\":\"https:\\\/\\\/www.cyclophoto.com\\\/2025\\\/02\\\/28\\\/on-your-marks\\\/#primaryimage\"},\"image\":{\"@id\":\"https:\\\/\\\/www.cyclophoto.com\\\/2025\\\/02\\\/28\\\/on-your-marks\\\/#primaryimage\"},\"thumbnailUrl\":\"https:\\\/\\\/i0.wp.com\\\/www.cyclophoto.com\\\/wp-content\\\/uploads\\\/2025\\\/02\\\/HuboScott2025-67-2-scaled.jpg?fit=1707%2C2560&ssl=1\",\"datePublished\":\"2025-02-28T11:50:18+00:00\",\"dateModified\":\"2025-03-05T12:56:14+00:00\",\"breadcrumb\":{\"@id\":\"https:\\\/\\\/www.cyclophoto.com\\\/2025\\\/02\\\/28\\\/on-your-marks\\\/#breadcrumb\"},\"inLanguage\":\"es\",\"potentialAction\":[{\"@type\":\"ReadAction\",\"target\":[\"https:\\\/\\\/www.cyclophoto.com\\\/2025\\\/02\\\/28\\\/on-your-marks\\\/\"]}]},{\"@type\":\"ImageObject\",\"inLanguage\":\"es\",\"@id\":\"https:\\\/\\\/www.cyclophoto.com\\\/2025\\\/02\\\/28\\\/on-your-marks\\\/#primaryimage\",\"url\":\"https:\\\/\\\/i0.wp.com\\\/www.cyclophoto.com\\\/wp-content\\\/uploads\\\/2025\\\/02\\\/HuboScott2025-67-2-scaled.jpg?fit=1707%2C2560&ssl=1\",\"contentUrl\":\"https:\\\/\\\/i0.wp.com\\\/www.cyclophoto.com\\\/wp-content\\\/uploads\\\/2025\\\/02\\\/HuboScott2025-67-2-scaled.jpg?fit=1707%2C2560&ssl=1\",\"width\":1707,\"height\":2560},{\"@type\":\"BreadcrumbList\",\"@id\":\"https:\\\/\\\/www.cyclophoto.com\\\/2025\\\/02\\\/28\\\/on-your-marks\\\/#breadcrumb\",\"itemListElement\":[{\"@type\":\"ListItem\",\"position\":1,\"name\":\"Home\",\"item\":\"https:\\\/\\\/www.cyclophoto.com\\\/\"},{\"@type\":\"ListItem\",\"position\":2,\"name\":\"On your marks !\"}]},{\"@type\":\"WebSite\",\"@id\":\"https:\\\/\\\/www.cyclophoto.com\\\/#website\",\"url\":\"https:\\\/\\\/www.cyclophoto.com\\\/\",\"name\":\"www.cyclophoto.com\",\"description\":\"Professional Cycling Photography Services\",\"publisher\":{\"@id\":\"https:\\\/\\\/www.cyclophoto.com\\\/#organization\"},\"alternateName\":\"Professional Cycling Photography Services\",\"potentialAction\":[{\"@type\":\"SearchAction\",\"target\":{\"@type\":\"EntryPoint\",\"urlTemplate\":\"https:\\\/\\\/www.cyclophoto.com\\\/?s={search_term_string}\"},\"query-input\":{\"@type\":\"PropertyValueSpecification\",\"valueRequired\":true,\"valueName\":\"search_term_string\"}}],\"inLanguage\":\"es\"},{\"@type\":\"Organization\",\"@id\":\"https:\\\/\\\/www.cyclophoto.com\\\/#organization\",\"name\":\"Cyclophoto\",\"alternateName\":\"Professional Cycling Photography Services\",\"url\":\"https:\\\/\\\/www.cyclophoto.com\\\/\",\"logo\":{\"@type\":\"ImageObject\",\"inLanguage\":\"es\",\"@id\":\"https:\\\/\\\/www.cyclophoto.com\\\/#\\\/schema\\\/logo\\\/image\\\/\",\"url\":\"https:\\\/\\\/i0.wp.com\\\/www.cyclophoto.com\\\/wp-content\\\/uploads\\\/2024\\\/08\\\/CYCLOPHOTO-1-HI-RES.png?fit=1563%2C1563&ssl=1\",\"contentUrl\":\"https:\\\/\\\/i0.wp.com\\\/www.cyclophoto.com\\\/wp-content\\\/uploads\\\/2024\\\/08\\\/CYCLOPHOTO-1-HI-RES.png?fit=1563%2C1563&ssl=1\",\"width\":1563,\"height\":1563,\"caption\":\"Cyclophoto\"},\"image\":{\"@id\":\"https:\\\/\\\/www.cyclophoto.com\\\/#\\\/schema\\\/logo\\\/image\\\/\"},\"sameAs\":[\"https:\\\/\\\/www.facebook.com\\\/profile.php?id=61558810670981\",\"https:\\\/\\\/x.com\\\/BartCoenaers\",\"https:\\\/\\\/www.linkedin.com\\\/in\\\/bartcoenaers\\\/\",\"https:\\\/\\\/www.instagram.com\\\/_cyclophoto_\\\/\"],\"description\":\"Professional Cycling Photography Services\",\"email\":\"bart@cyclophoto.com\",\"telephone\":\"+32479367027\",\"legalName\":\"Cyclophoto\",\"vatID\":\"BE0646935362\"},{\"@type\":\"Person\",\"@id\":\"https:\\\/\\\/www.cyclophoto.com\\\/#\\\/schema\\\/person\\\/ebf32472f96fc8ced76192edc166e993\",\"name\":\"bart\",\"image\":{\"@type\":\"ImageObject\",\"inLanguage\":\"es\",\"@id\":\"https:\\\/\\\/secure.gravatar.com\\\/avatar\\\/59e05c90068391e91d7a4816384b7349b86a3afd1b84317e1374251ac0337977?s=96&d=mm&r=g\",\"url\":\"https:\\\/\\\/secure.gravatar.com\\\/avatar\\\/59e05c90068391e91d7a4816384b7349b86a3afd1b84317e1374251ac0337977?s=96&d=mm&r=g\",\"contentUrl\":\"https:\\\/\\\/secure.gravatar.com\\\/avatar\\\/59e05c90068391e91d7a4816384b7349b86a3afd1b84317e1374251ac0337977?s=96&d=mm&r=g\",\"caption\":\"bart\"},\"sameAs\":[\"https:\\\/\\\/www.cyclophoto.com\"],\"url\":\"https:\\\/\\\/www.cyclophoto.com\\\/es\\\/author\\\/bart\\\/\"}]}<\/script>\n<!-- \/ Yoast SEO Premium plugin. -->","yoast_head_json":{"title":"\u00a1En sus marcas ! - Cyclophoto, Servicios profesionales de fotograf\u00eda ciclista.","robots":{"index":"index","follow":"follow","max-snippet":"max-snippet:-1","max-image-preview":"max-image-preview:large","max-video-preview":"max-video-preview:-1"},"canonical":"https:\/\/www.cyclophoto.com\/es\/2025\/02\/28\/en-sus-marcas\/","og_locale":"es_ES","og_type":"article","og_title":"On your marks !","og_description":"Waarom E-Bikes de Toekomst Zijn (Ook voor Serieuze Renners) E-bikes zijn niet meer weg teRead More","og_url":"https:\/\/www.cyclophoto.com\/es\/2025\/02\/28\/en-sus-marcas\/","og_site_name":"Cyclophoto, Professional Cycling Photography Services.","article_publisher":"https:\/\/www.facebook.com\/profile.php?id=61558810670981","article_published_time":"2025-02-28T11:50:18+00:00","article_modified_time":"2025-03-05T12:56:14+00:00","og_image":[{"width":1707,"height":2560,"url":"https:\/\/www.cyclophoto.com\/wp-content\/uploads\/2025\/02\/HuboScott2025-67-2-scaled.jpg","type":"image\/jpeg"}],"author":"bart","twitter_card":"summary_large_image","twitter_creator":"@BartCoenaers","twitter_site":"@BartCoenaers","twitter_misc":{"Escrito por":"bart","Tiempo de lectura":"3 minutos"},"schema":{"@context":"https:\/\/schema.org","@graph":[{"@type":"Article","@id":"https:\/\/www.cyclophoto.com\/2025\/02\/28\/on-your-marks\/#article","isPartOf":{"@id":"https:\/\/www.cyclophoto.com\/2025\/02\/28\/on-your-marks\/"},"author":{"name":"bart","@id":"https:\/\/www.cyclophoto.com\/#\/schema\/person\/ebf32472f96fc8ced76192edc166e993"},"headline":"On your marks !","datePublished":"2025-02-28T11:50:18+00:00","dateModified":"2025-03-05T12:56:14+00:00","mainEntityOfPage":{"@id":"https:\/\/www.cyclophoto.com\/2025\/02\/28\/on-your-marks\/"},"wordCount":556,"commentCount":0,"publisher":{"@id":"https:\/\/www.cyclophoto.com\/#organization"},"image":{"@id":"https:\/\/www.cyclophoto.com\/2025\/02\/28\/on-your-marks\/#primaryimage"},"thumbnailUrl":"https:\/\/i0.wp.com\/www.cyclophoto.com\/wp-content\/uploads\/2025\/02\/HuboScott2025-67-2-scaled.jpg?fit=1707%2C2560&ssl=1","articleSection":["BLOG"],"inLanguage":"es","potentialAction":[{"@type":"CommentAction","name":"Comment","target":["https:\/\/www.cyclophoto.com\/2025\/02\/28\/on-your-marks\/#respond"]}]},{"@type":"WebPage","@id":"https:\/\/www.cyclophoto.com\/2025\/02\/28\/on-your-marks\/","url":"https:\/\/www.cyclophoto.com\/2025\/02\/28\/on-your-marks\/","name":"\u00a1En sus marcas ! - Cyclophoto, Servicios profesionales de fotograf\u00eda ciclista.","isPartOf":{"@id":"https:\/\/www.cyclophoto.com\/#website"},"primaryImageOfPage":{"@id":"https:\/\/www.cyclophoto.com\/2025\/02\/28\/on-your-marks\/#primaryimage"},"image":{"@id":"https:\/\/www.cyclophoto.com\/2025\/02\/28\/on-your-marks\/#primaryimage"},"thumbnailUrl":"https:\/\/i0.wp.com\/www.cyclophoto.com\/wp-content\/uploads\/2025\/02\/HuboScott2025-67-2-scaled.jpg?fit=1707%2C2560&ssl=1","datePublished":"2025-02-28T11:50:18+00:00","dateModified":"2025-03-05T12:56:14+00:00","breadcrumb":{"@id":"https:\/\/www.cyclophoto.com\/2025\/02\/28\/on-your-marks\/#breadcrumb"},"inLanguage":"es","potentialAction":[{"@type":"ReadAction","target":["https:\/\/www.cyclophoto.com\/2025\/02\/28\/on-your-marks\/"]}]},{"@type":"ImageObject","inLanguage":"es","@id":"https:\/\/www.cyclophoto.com\/2025\/02\/28\/on-your-marks\/#primaryimage","url":"https:\/\/i0.wp.com\/www.cyclophoto.com\/wp-content\/uploads\/2025\/02\/HuboScott2025-67-2-scaled.jpg?fit=1707%2C2560&ssl=1","contentUrl":"https:\/\/i0.wp.com\/www.cyclophoto.com\/wp-content\/uploads\/2025\/02\/HuboScott2025-67-2-scaled.jpg?fit=1707%2C2560&ssl=1","width":1707,"height":2560},{"@type":"BreadcrumbList","@id":"https:\/\/www.cyclophoto.com\/2025\/02\/28\/on-your-marks\/#breadcrumb","itemListElement":[{"@type":"ListItem","position":1,"name":"Home","item":"https:\/\/www.cyclophoto.com\/"},{"@type":"ListItem","position":2,"name":"On your marks !"}]},{"@type":"WebSite","@id":"https:\/\/www.cyclophoto.com\/#website","url":"https:\/\/www.cyclophoto.com\/","name":"www.cyclophoto.com","description":"Servicios profesionales de fotograf\u00eda de ciclismo","publisher":{"@id":"https:\/\/www.cyclophoto.com\/#organization"},"alternateName":"Professional Cycling Photography Services","potentialAction":[{"@type":"SearchAction","target":{"@type":"EntryPoint","urlTemplate":"https:\/\/www.cyclophoto.com\/?s={search_term_string}"},"query-input":{"@type":"PropertyValueSpecification","valueRequired":true,"valueName":"search_term_string"}}],"inLanguage":"es"},{"@type":"Organization","@id":"https:\/\/www.cyclophoto.com\/#organization","name":"Ciclofoto","alternateName":"Professional Cycling Photography Services","url":"https:\/\/www.cyclophoto.com\/","logo":{"@type":"ImageObject","inLanguage":"es","@id":"https:\/\/www.cyclophoto.com\/#\/schema\/logo\/image\/","url":"https:\/\/i0.wp.com\/www.cyclophoto.com\/wp-content\/uploads\/2024\/08\/CYCLOPHOTO-1-HI-RES.png?fit=1563%2C1563&ssl=1","contentUrl":"https:\/\/i0.wp.com\/www.cyclophoto.com\/wp-content\/uploads\/2024\/08\/CYCLOPHOTO-1-HI-RES.png?fit=1563%2C1563&ssl=1","width":1563,"height":1563,"caption":"Cyclophoto"},"image":{"@id":"https:\/\/www.cyclophoto.com\/#\/schema\/logo\/image\/"},"sameAs":["https:\/\/www.facebook.com\/profile.php?id=61558810670981","https:\/\/x.com\/BartCoenaers","https:\/\/www.linkedin.com\/in\/bartcoenaers\/","https:\/\/www.instagram.com\/_cyclophoto_\/"],"description":"Servicios profesionales de fotograf\u00eda de ciclismo","email":"bart@cyclophoto.com","telephone":"+32479367027","legalName":"Cyclophoto","vatID":"BE0646935362"},{"@type":"Person","@id":"https:\/\/www.cyclophoto.com\/#\/schema\/person\/ebf32472f96fc8ced76192edc166e993","name":"bart","image":{"@type":"ImageObject","inLanguage":"es","@id":"https:\/\/secure.gravatar.com\/avatar\/59e05c90068391e91d7a4816384b7349b86a3afd1b84317e1374251ac0337977?s=96&d=mm&r=g","url":"https:\/\/secure.gravatar.com\/avatar\/59e05c90068391e91d7a4816384b7349b86a3afd1b84317e1374251ac0337977?s=96&d=mm&r=g","contentUrl":"https:\/\/secure.gravatar.com\/avatar\/59e05c90068391e91d7a4816384b7349b86a3afd1b84317e1374251ac0337977?s=96&d=mm&r=g","caption":"bart"},"sameAs":["https:\/\/www.cyclophoto.com"],"url":"https:\/\/www.cyclophoto.com\/es\/author\/bart\/"}]}},"jetpack_featured_media_url":"https:\/\/i0.wp.com\/www.cyclophoto.com\/wp-content\/uploads\/2025\/02\/HuboScott2025-67-2-scaled.jpg?fit=1707%2C2560&ssl=1","jetpack_sharing_enabled":true,"_links":{"self":[{"href":"https:\/\/www.cyclophoto.com\/es\/wp-json\/wp\/v2\/posts\/1051","targetHints":{"allow":["GET"]}}],"collection":[{"href":"https:\/\/www.cyclophoto.com\/es\/wp-json\/wp\/v2\/posts"}],"about":[{"href":"https:\/\/www.cyclophoto.com\/es\/wp-json\/wp\/v2\/types\/post"}],"author":[{"embeddable":true,"href":"https:\/\/www.cyclophoto.com\/es\/wp-json\/wp\/v2\/users\/1"}],"replies":[{"embeddable":true,"href":"https:\/\/www.cyclophoto.com\/es\/wp-json\/wp\/v2\/comments?post=1051"}],"version-history":[{"count":11,"href":"https:\/\/www.cyclophoto.com\/es\/wp-json\/wp\/v2\/posts\/1051\/revisions"}],"predecessor-version":[{"id":1194,"href":"https:\/\/www.cyclophoto.com\/es\/wp-json\/wp\/v2\/posts\/1051\/revisions\/1194"}],"wp:featuredmedia":[{"embeddable":true,"href":"https:\/\/www.cyclophoto.com\/es\/wp-json\/wp\/v2\/media\/993"}],"wp:attachment":[{"href":"https:\/\/www.cyclophoto.com\/es\/wp-json\/wp\/v2\/media?parent=1051"}],"wp:term":[{"taxonomy":"category","embeddable":true,"href":"https:\/\/www.cyclophoto.com\/es\/wp-json\/wp\/v2\/categories?post=1051"},{"taxonomy":"post_tag","embeddable":true,"href":"https:\/\/www.cyclophoto.com\/es\/wp-json\/wp\/v2\/tags?post=1051"}],"curies":[{"name":"wp","href":"https:\/\/api.w.org\/{rel}","templated":true}]}}