{"id":1058,"date":"2025-03-01T14:14:32","date_gmt":"2025-03-01T12:14:32","guid":{"rendered":"https:\/\/www.cyclophoto.com\/?p=1058"},"modified":"2025-03-09T18:03:30","modified_gmt":"2025-03-09T16:03:30","slug":"the-start-of-bart","status":"publish","type":"post","link":"https:\/\/www.cyclophoto.com\/en\/2025\/03\/01\/the-start-of-bart\/","title":{"rendered":"Bart's start"},"content":{"rendered":"<div data-elementor-type=\"wp-post\" data-elementor-id=\"1058\" class=\"elementor elementor-1058\" data-elementor-post-type=\"post\">\n\t\t\t\t<div class=\"elementor-element elementor-element-e9de5fd e-flex e-con-boxed e-con e-parent\" data-id=\"e9de5fd\" data-element_type=\"container\" data-e-type=\"container\">\n\t\t\t\t\t<div class=\"e-con-inner\">\n\t\t\t\t<div class=\"elementor-element elementor-element-f7434c2 elementor-widget elementor-widget-text-editor\" data-id=\"f7434c2\" data-element_type=\"widget\" data-e-type=\"widget\" data-widget_type=\"text-editor.default\">\n\t\t\t\t<div class=\"elementor-widget-container\">\n\t\t\t\t\t\t\t\t\t<h3><strong>The Start of the New Road Cycling Season in Belgium: What Can We Expect in 2025?<\/strong><\/h3><div><strong>\u00a0<\/strong><\/div><div><strong>\u00a0<\/strong><\/div><p>The new cycling season has arrived, and in Belgium that means one thing: the roads are coming alive again with the excitement, speed and passion of racing. From spring classics to summer stage races - 2025 promises to be an exciting year for cycling fans. In this article, we look ahead to the highlights of the new season and discover why Belgium remains the heart of cycling.<\/p><hr \/><h4><strong>1. The Flemish Spring Classics: The Party Begins<\/strong><\/h4><p>Spring is traditionally the highlight of the Belgian cycling season. The Flemish classics attract not only the best riders in the world, but also thousands of fans along the roadside.<\/p><ul><li><p><strong>Tour of Flanders (6 April 2025)<\/strong>:<br \/>The Tour is more than a race - it is a cultural phenomenon. With iconic slopes such as the\u00a0<strong>Koppenberg<\/strong>\u00a0and the\u00a0<strong>Old Kwaremont<\/strong>\u00a0this edition promises to be another spectacle.<\/p><\/li><li><p><strong>Ghent-Wevelgem (30 <\/strong><strong>March 2025)<\/strong>:<br \/>This semi-classic is known for its windy plains and fast final sprints. It is a favourite with riders and fans alike.<\/p><\/li><li><p><strong>Dwars door Vlaanderen (27 March 2025)<\/strong>:<br \/>A week before the Ronde, this is the perfect warm-up, with a challenging course that often produces surprising winners.<\/p><\/li><\/ul><hr \/><h4><strong>2. The Fl\u00e8che Wallonne and Li\u00e8ge-Bastogne-Li\u00e8ge: The South Shines<\/strong><\/h4><p>After the Flemish classics, attention shifts to Wallonia, where the hills and Ardennes provide the backdrop for two iconic races.<\/p><ul><li><p><strong>Fl\u00e8che Wallonne (23 April 2025)<\/strong>:<br \/>With the legendary\u00a0<strong>Wall of Huy<\/strong>\u00a0as a finish, this course is a test of strength and endurance.<\/p><\/li><li><p><strong>Li\u00e8ge-Bastogne-Li\u00e8ge (26 April 2025)<\/strong>:<br \/>The world's oldest classic is known for its challenging course and long distance. It is one of the most prestigious races on the calendar.<\/p><\/li><\/ul><hr \/><h4><strong>3. Young Talents and Belgian Hope<\/strong><\/h4><p>Belgium has a rich tradition of cycling talent, and 2025 is no exception. Here are some riders to keep an eye on:<\/p><ul><li><p><strong>Remco Evenepoel (Soudal Quick-Step)<\/strong>:<br \/>The Belgian superstar is the big favourite for Li\u00e8ge-Bastogne-Li\u00e8ge and other big races.<\/p><\/li><li><p><strong>Wout van Aert (Visma-Lease a Bike)<\/strong>:<br \/>Van Aert is an all-rounder who can win in both classics and stage races.<\/p><\/li><li><p><strong>Young Promises<\/strong>:<br \/>Riders such as\u00a0<strong>Cian Uijtdebroeks<\/strong>\u00a0and\u00a0<strong>Arnaud De Lie<\/strong>\u00a0are making their advance and bode well for the future.<\/p><\/li><\/ul><hr \/><h4><strong>4. New Trends in Cycling<\/strong><\/h4><p>The new season also brings with it some interesting trends:<\/p><ul><li><p><strong>Gravel influences<\/strong>:<br \/>More and more riders are using gravel bikes for training and even in races.<\/p><\/li><li><p><strong>Technological Innovations<\/strong>:<br \/>Smart bikes, aerodynamic clothing and advanced data analysis are playing an increasing role.<\/p><\/li><li><p><strong>Sustainability<\/strong>:<br \/>Organisers are committed to eco-friendly events, such as reducing waste and using green energy.<\/p><\/li><\/ul><hr \/><h4><strong>5. The Role of Photography in Cycling<\/strong><\/h4><p>As a cycling photographer, the new season is one of the most exciting periods of the year. Capturing the emotion, dynamism and beauty of the race is a challenge I am passionate about.<\/p><ul><li><p><strong>Iconic Moments<\/strong>:<br \/>From the joy of a winner to the sorrow of an unlucky person - every moment tells a story.<\/p><\/li><li><p><strong>Technical Challenges<\/strong>:<br \/>Photographing cycling requires speed, precision and a good eye for detail.<\/p><\/li><\/ul><hr \/><h3><strong>Conclusion<\/strong><\/h3><p>The new cycling season in Belgium promises to be another feast for fans, riders and photographers. Whether it is the Flemish classics, the Walloon hills or the emergence of young talent - there is something for everyone.<\/p><p>Keep up to date with the latest developments by following my blog. Next time, we will dive deeper into the world of\u00a0<strong>gravel bikes<\/strong>\u00a0and discover why this discipline is so popular.<\/p><hr \/><h3><strong>Call-to-Action<\/strong><\/h3><p>Did you find this blog interesting? Share it on social media and follow me on\u00a0<a href=\"https:\/\/www.instagram.com\/_cyclophoto_\/\" target=\"_blank\" rel=\"noopener noreferrer\">Instagram<\/a>\u00a0and\u00a0<a href=\"https:\/\/www.linkedin.com\/in\/bartcoenaers\/\" target=\"_blank\" rel=\"noopener noreferrer\">LinkedIn<\/a>\u00a0for more updates. Are you interested in professional cycling photography for your brand, team or event? Then feel free to get in touch via\u00a0<a href=\"https:\/\/mailto:bart@cyclophoto.com\/\" target=\"_blank\" rel=\"noopener noreferrer\">bart@cyclophoto.com<\/a>.<\/p>\t\t\t\t\t\t\t\t<\/div>\n\t\t\t\t<\/div>\n\t\t\t\t\t<\/div>\n\t\t\t\t<\/div>\n\t\t\t\t<\/div>","protected":false},"excerpt":{"rendered":"<p>The Start of the New Road Cycling Season in Belgium: What to Expect<\/p>\n<div class=\"read-more\"><a href=\"https:\/\/www.cyclophoto.com\/en\/2025\/03\/01\/the-start-of-bart\/\" class=\"more-link\">Read More<\/a><\/div>","protected":false},"author":1,"featured_media":1031,"comment_status":"open","ping_status":"open","sticky":false,"template":"","format":"standard","meta":{"codedeyo_gutenberg_meta":"","_jetpack_memberships_contains_paid_content":false,"footnotes":""},"categories":[10],"tags":[],"class_list":["post-1058","post","type-post","status-publish","format-standard","has-post-thumbnail","hentry","category-blog","entry"],"yoast_head":"<!-- This site is optimized with the Yoast SEO Premium plugin v24.6 (Yoast SEO v27.5) - https:\/\/yoast.com\/product\/yoast-seo-premium-wordpress\/ -->\n<title>De start van Bart - Cyclophoto, Professional Cycling Photography Services.<\/title>\n<meta name=\"robots\" content=\"index, follow, max-snippet:-1, max-image-preview:large, max-video-preview:-1\" \/>\n<link rel=\"canonical\" href=\"https:\/\/www.cyclophoto.com\/en\/2025\/03\/01\/the-start-of-bart\/\" \/>\n<meta property=\"og:locale\" content=\"en_GB\" \/>\n<meta property=\"og:type\" content=\"article\" \/>\n<meta property=\"og:title\" content=\"De start van Bart\" \/>\n<meta property=\"og:description\" content=\"De Start van het Nieuwe Wielerseizoen op de Weg in Belgi\u00eb: Wat Mogen We VerwachtenRead More\" \/>\n<meta property=\"og:url\" content=\"https:\/\/www.cyclophoto.com\/en\/2025\/03\/01\/the-start-of-bart\/\" \/>\n<meta property=\"og:site_name\" content=\"Cyclophoto, Professional Cycling Photography Services.\" \/>\n<meta property=\"article:publisher\" content=\"https:\/\/www.facebook.com\/profile.php?id=61558810670981\" \/>\n<meta property=\"article:published_time\" content=\"2025-03-01T12:14:32+00:00\" \/>\n<meta property=\"article:modified_time\" content=\"2025-03-09T16:03:30+00:00\" \/>\n<meta property=\"og:image\" content=\"https:\/\/www.cyclophoto.com\/wp-content\/uploads\/2025\/02\/DSC3741-scaled.jpg\" \/>\n\t<meta property=\"og:image:width\" content=\"2560\" \/>\n\t<meta property=\"og:image:height\" content=\"1707\" \/>\n\t<meta property=\"og:image:type\" content=\"image\/jpeg\" \/>\n<meta name=\"author\" content=\"bart\" \/>\n<meta name=\"twitter:card\" content=\"summary_large_image\" \/>\n<meta name=\"twitter:creator\" content=\"@BartCoenaers\" \/>\n<meta name=\"twitter:site\" content=\"@BartCoenaers\" \/>\n<meta name=\"twitter:label1\" content=\"Written by\" \/>\n\t<meta name=\"twitter:data1\" content=\"bart\" \/>\n\t<meta name=\"twitter:label2\" content=\"Estimated reading time\" \/>\n\t<meta name=\"twitter:data2\" content=\"4 minutes\" \/>\n<script type=\"application\/ld+json\" class=\"yoast-schema-graph\">{\"@context\":\"https:\\\/\\\/schema.org\",\"@graph\":[{\"@type\":\"Article\",\"@id\":\"https:\\\/\\\/www.cyclophoto.com\\\/2025\\\/03\\\/01\\\/de-start-van-bart\\\/#article\",\"isPartOf\":{\"@id\":\"https:\\\/\\\/www.cyclophoto.com\\\/2025\\\/03\\\/01\\\/de-start-van-bart\\\/\"},\"author\":{\"name\":\"bart\",\"@id\":\"https:\\\/\\\/www.cyclophoto.com\\\/#\\\/schema\\\/person\\\/ebf32472f96fc8ced76192edc166e993\"},\"headline\":\"De start van Bart\",\"datePublished\":\"2025-03-01T12:14:32+00:00\",\"dateModified\":\"2025-03-09T16:03:30+00:00\",\"mainEntityOfPage\":{\"@id\":\"https:\\\/\\\/www.cyclophoto.com\\\/2025\\\/03\\\/01\\\/de-start-van-bart\\\/\"},\"wordCount\":615,\"commentCount\":0,\"publisher\":{\"@id\":\"https:\\\/\\\/www.cyclophoto.com\\\/#organization\"},\"image\":{\"@id\":\"https:\\\/\\\/www.cyclophoto.com\\\/2025\\\/03\\\/01\\\/de-start-van-bart\\\/#primaryimage\"},\"thumbnailUrl\":\"https:\\\/\\\/i0.wp.com\\\/www.cyclophoto.com\\\/wp-content\\\/uploads\\\/2025\\\/02\\\/DSC3741-scaled.jpg?fit=2560%2C1707&ssl=1\",\"articleSection\":[\"BLOG\"],\"inLanguage\":\"en-GB\",\"potentialAction\":[{\"@type\":\"CommentAction\",\"name\":\"Comment\",\"target\":[\"https:\\\/\\\/www.cyclophoto.com\\\/2025\\\/03\\\/01\\\/de-start-van-bart\\\/#respond\"]}]},{\"@type\":\"WebPage\",\"@id\":\"https:\\\/\\\/www.cyclophoto.com\\\/2025\\\/03\\\/01\\\/de-start-van-bart\\\/\",\"url\":\"https:\\\/\\\/www.cyclophoto.com\\\/2025\\\/03\\\/01\\\/de-start-van-bart\\\/\",\"name\":\"De start van Bart - Cyclophoto, Professional Cycling Photography Services.\",\"isPartOf\":{\"@id\":\"https:\\\/\\\/www.cyclophoto.com\\\/#website\"},\"primaryImageOfPage\":{\"@id\":\"https:\\\/\\\/www.cyclophoto.com\\\/2025\\\/03\\\/01\\\/de-start-van-bart\\\/#primaryimage\"},\"image\":{\"@id\":\"https:\\\/\\\/www.cyclophoto.com\\\/2025\\\/03\\\/01\\\/de-start-van-bart\\\/#primaryimage\"},\"thumbnailUrl\":\"https:\\\/\\\/i0.wp.com\\\/www.cyclophoto.com\\\/wp-content\\\/uploads\\\/2025\\\/02\\\/DSC3741-scaled.jpg?fit=2560%2C1707&ssl=1\",\"datePublished\":\"2025-03-01T12:14:32+00:00\",\"dateModified\":\"2025-03-09T16:03:30+00:00\",\"breadcrumb\":{\"@id\":\"https:\\\/\\\/www.cyclophoto.com\\\/2025\\\/03\\\/01\\\/de-start-van-bart\\\/#breadcrumb\"},\"inLanguage\":\"en-GB\",\"potentialAction\":[{\"@type\":\"ReadAction\",\"target\":[\"https:\\\/\\\/www.cyclophoto.com\\\/2025\\\/03\\\/01\\\/de-start-van-bart\\\/\"]}]},{\"@type\":\"ImageObject\",\"inLanguage\":\"en-GB\",\"@id\":\"https:\\\/\\\/www.cyclophoto.com\\\/2025\\\/03\\\/01\\\/de-start-van-bart\\\/#primaryimage\",\"url\":\"https:\\\/\\\/i0.wp.com\\\/www.cyclophoto.com\\\/wp-content\\\/uploads\\\/2025\\\/02\\\/DSC3741-scaled.jpg?fit=2560%2C1707&ssl=1\",\"contentUrl\":\"https:\\\/\\\/i0.wp.com\\\/www.cyclophoto.com\\\/wp-content\\\/uploads\\\/2025\\\/02\\\/DSC3741-scaled.jpg?fit=2560%2C1707&ssl=1\",\"width\":2560,\"height\":1707},{\"@type\":\"BreadcrumbList\",\"@id\":\"https:\\\/\\\/www.cyclophoto.com\\\/2025\\\/03\\\/01\\\/de-start-van-bart\\\/#breadcrumb\",\"itemListElement\":[{\"@type\":\"ListItem\",\"position\":1,\"name\":\"Home\",\"item\":\"https:\\\/\\\/www.cyclophoto.com\\\/\"},{\"@type\":\"ListItem\",\"position\":2,\"name\":\"De start van Bart\"}]},{\"@type\":\"WebSite\",\"@id\":\"https:\\\/\\\/www.cyclophoto.com\\\/#website\",\"url\":\"https:\\\/\\\/www.cyclophoto.com\\\/\",\"name\":\"www.cyclophoto.com\",\"description\":\"Professional Cycling Photography Services\",\"publisher\":{\"@id\":\"https:\\\/\\\/www.cyclophoto.com\\\/#organization\"},\"alternateName\":\"Professional Cycling Photography Services\",\"potentialAction\":[{\"@type\":\"SearchAction\",\"target\":{\"@type\":\"EntryPoint\",\"urlTemplate\":\"https:\\\/\\\/www.cyclophoto.com\\\/?s={search_term_string}\"},\"query-input\":{\"@type\":\"PropertyValueSpecification\",\"valueRequired\":true,\"valueName\":\"search_term_string\"}}],\"inLanguage\":\"en-GB\"},{\"@type\":\"Organization\",\"@id\":\"https:\\\/\\\/www.cyclophoto.com\\\/#organization\",\"name\":\"Cyclophoto\",\"alternateName\":\"Professional Cycling Photography Services\",\"url\":\"https:\\\/\\\/www.cyclophoto.com\\\/\",\"logo\":{\"@type\":\"ImageObject\",\"inLanguage\":\"en-GB\",\"@id\":\"https:\\\/\\\/www.cyclophoto.com\\\/#\\\/schema\\\/logo\\\/image\\\/\",\"url\":\"https:\\\/\\\/i0.wp.com\\\/www.cyclophoto.com\\\/wp-content\\\/uploads\\\/2024\\\/08\\\/CYCLOPHOTO-1-HI-RES.png?fit=1563%2C1563&ssl=1\",\"contentUrl\":\"https:\\\/\\\/i0.wp.com\\\/www.cyclophoto.com\\\/wp-content\\\/uploads\\\/2024\\\/08\\\/CYCLOPHOTO-1-HI-RES.png?fit=1563%2C1563&ssl=1\",\"width\":1563,\"height\":1563,\"caption\":\"Cyclophoto\"},\"image\":{\"@id\":\"https:\\\/\\\/www.cyclophoto.com\\\/#\\\/schema\\\/logo\\\/image\\\/\"},\"sameAs\":[\"https:\\\/\\\/www.facebook.com\\\/profile.php?id=61558810670981\",\"https:\\\/\\\/x.com\\\/BartCoenaers\",\"https:\\\/\\\/www.linkedin.com\\\/in\\\/bartcoenaers\\\/\",\"https:\\\/\\\/www.instagram.com\\\/_cyclophoto_\\\/\"],\"description\":\"Professional Cycling Photography Services\",\"email\":\"bart@cyclophoto.com\",\"telephone\":\"+32479367027\",\"legalName\":\"Cyclophoto\",\"vatID\":\"BE0646935362\"},{\"@type\":\"Person\",\"@id\":\"https:\\\/\\\/www.cyclophoto.com\\\/#\\\/schema\\\/person\\\/ebf32472f96fc8ced76192edc166e993\",\"name\":\"bart\",\"image\":{\"@type\":\"ImageObject\",\"inLanguage\":\"en-GB\",\"@id\":\"https:\\\/\\\/secure.gravatar.com\\\/avatar\\\/59e05c90068391e91d7a4816384b7349b86a3afd1b84317e1374251ac0337977?s=96&d=mm&r=g\",\"url\":\"https:\\\/\\\/secure.gravatar.com\\\/avatar\\\/59e05c90068391e91d7a4816384b7349b86a3afd1b84317e1374251ac0337977?s=96&d=mm&r=g\",\"contentUrl\":\"https:\\\/\\\/secure.gravatar.com\\\/avatar\\\/59e05c90068391e91d7a4816384b7349b86a3afd1b84317e1374251ac0337977?s=96&d=mm&r=g\",\"caption\":\"bart\"},\"sameAs\":[\"https:\\\/\\\/www.cyclophoto.com\"],\"url\":\"https:\\\/\\\/www.cyclophoto.com\\\/en\\\/author\\\/bart\\\/\"}]}<\/script>\n<!-- \/ Yoast SEO Premium plugin. -->","yoast_head_json":{"title":"Bart's start-up - Cyclophoto, Professional Cycling Photography Services.","robots":{"index":"index","follow":"follow","max-snippet":"max-snippet:-1","max-image-preview":"max-image-preview:large","max-video-preview":"max-video-preview:-1"},"canonical":"https:\/\/www.cyclophoto.com\/en\/2025\/03\/01\/the-start-of-bart\/","og_locale":"en_GB","og_type":"article","og_title":"De start van Bart","og_description":"De Start van het Nieuwe Wielerseizoen op de Weg in Belgi\u00eb: Wat Mogen We VerwachtenRead More","og_url":"https:\/\/www.cyclophoto.com\/en\/2025\/03\/01\/the-start-of-bart\/","og_site_name":"Cyclophoto, Professional Cycling Photography Services.","article_publisher":"https:\/\/www.facebook.com\/profile.php?id=61558810670981","article_published_time":"2025-03-01T12:14:32+00:00","article_modified_time":"2025-03-09T16:03:30+00:00","og_image":[{"width":2560,"height":1707,"url":"https:\/\/www.cyclophoto.com\/wp-content\/uploads\/2025\/02\/DSC3741-scaled.jpg","type":"image\/jpeg"}],"author":"bart","twitter_card":"summary_large_image","twitter_creator":"@BartCoenaers","twitter_site":"@BartCoenaers","twitter_misc":{"Written by":"bart","Estimated reading time":"4 minutes"},"schema":{"@context":"https:\/\/schema.org","@graph":[{"@type":"Article","@id":"https:\/\/www.cyclophoto.com\/2025\/03\/01\/de-start-van-bart\/#article","isPartOf":{"@id":"https:\/\/www.cyclophoto.com\/2025\/03\/01\/de-start-van-bart\/"},"author":{"name":"bart","@id":"https:\/\/www.cyclophoto.com\/#\/schema\/person\/ebf32472f96fc8ced76192edc166e993"},"headline":"De start van Bart","datePublished":"2025-03-01T12:14:32+00:00","dateModified":"2025-03-09T16:03:30+00:00","mainEntityOfPage":{"@id":"https:\/\/www.cyclophoto.com\/2025\/03\/01\/de-start-van-bart\/"},"wordCount":615,"commentCount":0,"publisher":{"@id":"https:\/\/www.cyclophoto.com\/#organization"},"image":{"@id":"https:\/\/www.cyclophoto.com\/2025\/03\/01\/de-start-van-bart\/#primaryimage"},"thumbnailUrl":"https:\/\/i0.wp.com\/www.cyclophoto.com\/wp-content\/uploads\/2025\/02\/DSC3741-scaled.jpg?fit=2560%2C1707&ssl=1","articleSection":["BLOG"],"inLanguage":"en-GB","potentialAction":[{"@type":"CommentAction","name":"Comment","target":["https:\/\/www.cyclophoto.com\/2025\/03\/01\/de-start-van-bart\/#respond"]}]},{"@type":"WebPage","@id":"https:\/\/www.cyclophoto.com\/2025\/03\/01\/de-start-van-bart\/","url":"https:\/\/www.cyclophoto.com\/2025\/03\/01\/de-start-van-bart\/","name":"Bart's start-up - Cyclophoto, Professional Cycling Photography Services.","isPartOf":{"@id":"https:\/\/www.cyclophoto.com\/#website"},"primaryImageOfPage":{"@id":"https:\/\/www.cyclophoto.com\/2025\/03\/01\/de-start-van-bart\/#primaryimage"},"image":{"@id":"https:\/\/www.cyclophoto.com\/2025\/03\/01\/de-start-van-bart\/#primaryimage"},"thumbnailUrl":"https:\/\/i0.wp.com\/www.cyclophoto.com\/wp-content\/uploads\/2025\/02\/DSC3741-scaled.jpg?fit=2560%2C1707&ssl=1","datePublished":"2025-03-01T12:14:32+00:00","dateModified":"2025-03-09T16:03:30+00:00","breadcrumb":{"@id":"https:\/\/www.cyclophoto.com\/2025\/03\/01\/de-start-van-bart\/#breadcrumb"},"inLanguage":"en-GB","potentialAction":[{"@type":"ReadAction","target":["https:\/\/www.cyclophoto.com\/2025\/03\/01\/de-start-van-bart\/"]}]},{"@type":"ImageObject","inLanguage":"en-GB","@id":"https:\/\/www.cyclophoto.com\/2025\/03\/01\/de-start-van-bart\/#primaryimage","url":"https:\/\/i0.wp.com\/www.cyclophoto.com\/wp-content\/uploads\/2025\/02\/DSC3741-scaled.jpg?fit=2560%2C1707&ssl=1","contentUrl":"https:\/\/i0.wp.com\/www.cyclophoto.com\/wp-content\/uploads\/2025\/02\/DSC3741-scaled.jpg?fit=2560%2C1707&ssl=1","width":2560,"height":1707},{"@type":"BreadcrumbList","@id":"https:\/\/www.cyclophoto.com\/2025\/03\/01\/de-start-van-bart\/#breadcrumb","itemListElement":[{"@type":"ListItem","position":1,"name":"Home","item":"https:\/\/www.cyclophoto.com\/"},{"@type":"ListItem","position":2,"name":"De start van Bart"}]},{"@type":"WebSite","@id":"https:\/\/www.cyclophoto.com\/#website","url":"https:\/\/www.cyclophoto.com\/","name":"www.cyclophoto.com","description":"Professional Cycling Photography Services","publisher":{"@id":"https:\/\/www.cyclophoto.com\/#organization"},"alternateName":"Professional Cycling Photography Services","potentialAction":[{"@type":"SearchAction","target":{"@type":"EntryPoint","urlTemplate":"https:\/\/www.cyclophoto.com\/?s={search_term_string}"},"query-input":{"@type":"PropertyValueSpecification","valueRequired":true,"valueName":"search_term_string"}}],"inLanguage":"en-GB"},{"@type":"Organization","@id":"https:\/\/www.cyclophoto.com\/#organization","name":"Cyclophoto","alternateName":"Professional Cycling Photography Services","url":"https:\/\/www.cyclophoto.com\/","logo":{"@type":"ImageObject","inLanguage":"en-GB","@id":"https:\/\/www.cyclophoto.com\/#\/schema\/logo\/image\/","url":"https:\/\/i0.wp.com\/www.cyclophoto.com\/wp-content\/uploads\/2024\/08\/CYCLOPHOTO-1-HI-RES.png?fit=1563%2C1563&ssl=1","contentUrl":"https:\/\/i0.wp.com\/www.cyclophoto.com\/wp-content\/uploads\/2024\/08\/CYCLOPHOTO-1-HI-RES.png?fit=1563%2C1563&ssl=1","width":1563,"height":1563,"caption":"Cyclophoto"},"image":{"@id":"https:\/\/www.cyclophoto.com\/#\/schema\/logo\/image\/"},"sameAs":["https:\/\/www.facebook.com\/profile.php?id=61558810670981","https:\/\/x.com\/BartCoenaers","https:\/\/www.linkedin.com\/in\/bartcoenaers\/","https:\/\/www.instagram.com\/_cyclophoto_\/"],"description":"Professional Cycling Photography Services","email":"bart@cyclophoto.com","telephone":"+32479367027","legalName":"Cyclophoto","vatID":"BE0646935362"},{"@type":"Person","@id":"https:\/\/www.cyclophoto.com\/#\/schema\/person\/ebf32472f96fc8ced76192edc166e993","name":"bart","image":{"@type":"ImageObject","inLanguage":"en-GB","@id":"https:\/\/secure.gravatar.com\/avatar\/59e05c90068391e91d7a4816384b7349b86a3afd1b84317e1374251ac0337977?s=96&d=mm&r=g","url":"https:\/\/secure.gravatar.com\/avatar\/59e05c90068391e91d7a4816384b7349b86a3afd1b84317e1374251ac0337977?s=96&d=mm&r=g","contentUrl":"https:\/\/secure.gravatar.com\/avatar\/59e05c90068391e91d7a4816384b7349b86a3afd1b84317e1374251ac0337977?s=96&d=mm&r=g","caption":"bart"},"sameAs":["https:\/\/www.cyclophoto.com"],"url":"https:\/\/www.cyclophoto.com\/en\/author\/bart\/"}]}},"jetpack_featured_media_url":"https:\/\/i0.wp.com\/www.cyclophoto.com\/wp-content\/uploads\/2025\/02\/DSC3741-scaled.jpg?fit=2560%2C1707&ssl=1","jetpack_sharing_enabled":true,"_links":{"self":[{"href":"https:\/\/www.cyclophoto.com\/en\/wp-json\/wp\/v2\/posts\/1058","targetHints":{"allow":["GET"]}}],"collection":[{"href":"https:\/\/www.cyclophoto.com\/en\/wp-json\/wp\/v2\/posts"}],"about":[{"href":"https:\/\/www.cyclophoto.com\/en\/wp-json\/wp\/v2\/types\/post"}],"author":[{"embeddable":true,"href":"https:\/\/www.cyclophoto.com\/en\/wp-json\/wp\/v2\/users\/1"}],"replies":[{"embeddable":true,"href":"https:\/\/www.cyclophoto.com\/en\/wp-json\/wp\/v2\/comments?post=1058"}],"version-history":[{"count":38,"href":"https:\/\/www.cyclophoto.com\/en\/wp-json\/wp\/v2\/posts\/1058\/revisions"}],"predecessor-version":[{"id":1226,"href":"https:\/\/www.cyclophoto.com\/en\/wp-json\/wp\/v2\/posts\/1058\/revisions\/1226"}],"wp:featuredmedia":[{"embeddable":true,"href":"https:\/\/www.cyclophoto.com\/en\/wp-json\/wp\/v2\/media\/1031"}],"wp:attachment":[{"href":"https:\/\/www.cyclophoto.com\/en\/wp-json\/wp\/v2\/media?parent=1058"}],"wp:term":[{"taxonomy":"category","embeddable":true,"href":"https:\/\/www.cyclophoto.com\/en\/wp-json\/wp\/v2\/categories?post=1058"},{"taxonomy":"post_tag","embeddable":true,"href":"https:\/\/www.cyclophoto.com\/en\/wp-json\/wp\/v2\/tags?post=1058"}],"curies":[{"name":"wp","href":"https:\/\/api.w.org\/{rel}","templated":true}]}}